{"608848":{"titulo":"Doriva nega que crise pol\u00edtica atrapalhe o S\u00e3o Paulo, mas Luis Fabiano discorda","link":"https:\/\/www.futebolinterior.com.br\/doriva-nega-que-crise-politica-atrapalhe-o-sao-paulo-mas-luis-fabiano-discorda\/","chapeu":"E AI?","data":"19\/10\/2015","imagem":"https:\/\/images.futebolinterior.com.br\/2021\/04\/0002050122151_img-300x193.jpg","resumo":"Ao longo da semana passada, os jogadores do S\u00e3o Paulo fizeram quest\u00e3o de ressaltar que o foco estava no que acontecia dentro de campo"},"608846":{"titulo":"Final de semana coloca em xeque a volta do 'mata-mata' no Brasileir\u00e3o","link":"https:\/\/www.futebolinterior.com.br\/final-de-semana-coloca-em-xeque-a-volta-do-mata-mata-no-brasileirao\/","chapeu":"SER\u00c1?","data":"19\/10\/2015","imagem":"https:\/\/images.futebolinterior.com.br\/2021\/04\/0002050122153_img-300x200.jpg","resumo":"O futebol brasileiro cresceu apoiado em tr\u00eas bases: gols, t\u00edtulos e torcida. Mas, nos \u00faltimos anos, a \u201cforma de disputa\u201d tamb\u00e9m entrou em pauta"},"608859":{"titulo":"Argel celebra vit\u00f3ria do Inter, mas avisa: 'N\u00e3o vejo G4 como obriga\u00e7\u00e3o'","link":"https:\/\/www.futebolinterior.com.br\/argel-celebra-vitoria-do-inter-mas-avisa-nao-vejo-g4-como-obrigacao\/","chapeu":"CALMA L\u00c1","data":"19\/10\/2015","imagem":"https:\/\/images.futebolinterior.com.br\/2021\/04\/0002050122147_img-300x199.png","resumo":"O Internacional se recuperou da derrota para o Atl\u00e9tico-MG ao vencer o Flamengo fora de casa, no \u00faltimo domingo, por 1 a 0"},"608861":{"titulo":"Oswaldo minimiza nova derrota e v\u00ea Flamengo ainda com chances de G4","link":"https:\/\/www.futebolinterior.com.br\/oswaldo-minimiza-nova-derrota-e-ve-flamengo-ainda-com-chances-de-g4\/","chapeu":"EU ACREDITO","data":"19\/10\/2015","imagem":"https:\/\/images.futebolinterior.com.br\/2021\/04\/0002050122146_img-300x200.png","resumo":"O t\u00e9cnico Oswaldo de Oliveira saiu em defesa do rendimento do Flamengo, mesmo que o time tenha sofrido no domingo a quinta derrota nos \u00faltimos seis jogos "},"608865":{"titulo":"Jorginho lamenta empate no fim, mas resultado n\u00e3o tira \u00e2nimo do Vasco","link":"https:\/\/www.futebolinterior.com.br\/jorginho-lamenta-empate-no-fim-mas-resultado-nao-tira-animo-do-vasco\/","chapeu":"CALMA L\u00c1","data":"19\/10\/2015","imagem":"https:\/\/images.futebolinterior.com.br\/2021\/04\/0002050122145_img-300x185.png","resumo":"O t\u00e9cnico Jorginho classificou como lament\u00e1vel o empate do Vasco por 2 a 2 com o S\u00e3o Paulo pelas circunst\u00e2ncias em que ele se deu, com o time cedendo a igualdade "},"608875":{"titulo":"Su\u00ed\u00e7a pode anunciar extradi\u00e7\u00e3o de Marin aos EUA nesta ter\u00e7a-feira","link":"https:\/\/www.futebolinterior.com.br\/suica-pode-anunciar-extradicao-de-marin-aos-eua-nesta-terca-feira\/","chapeu":"COMPLICOU","data":"19\/10\/2015","imagem":"https:\/\/images.futebolinterior.com.br\/2021\/04\/0002050122139_img-300x168.jpg","resumo":"O destino de Jos\u00e9 Maria Marin, ex-presidente da Confedera\u00e7\u00e3o Brasileira de Futebol, ser\u00e1 decidido nos dois pr\u00f3ximos dias"},"608877":{"titulo":"Luis Fabiano ensaia adeus do S\u00e3o Paulo: 'O fim est\u00e1 pr\u00f3ximo'","link":"https:\/\/www.futebolinterior.com.br\/luis-fabiano-ensaia-adeus-do-sao-paulo-o-fim-esta-proximo\/","chapeu":"ACABOU?","data":"19\/10\/2015","imagem":"https:\/\/images.futebolinterior.com.br\/2021\/04\/0002050122138_img-300x187.jpg","resumo":"Ap\u00f3s quatro anos no S\u00e3o Paulo, Luis Fabiano parece realmente muito pr\u00f3ximo de deixar o clube"},"608879":{"titulo":"Lucas Barrios ganha tratamento especial para brilhar pelo Palmeiras","link":"https:\/\/www.futebolinterior.com.br\/lucas-barrios-ganha-tratamento-especial-para-brilhar-pelo-palmeiras\/","chapeu":"FOCADO","data":"19\/10\/2015","imagem":"https:\/\/images.futebolinterior.com.br\/2021\/04\/0002050122137_img-253x300.jpg","resumo":"Duas certezas foram conclu\u00eddas no Palmeiras nos \u00faltimos dias"},"608896":{"titulo":"Sele\u00e7\u00e3o FI do Brasileir\u00e3o com Lomba, Douglas \u2018Cacha\u00e7a\u2019 e Macac\u00e3o","link":"https:\/\/www.futebolinterior.com.br\/selecao-fi-do-brasileirao-com-lomba-douglas-cachaca-e-macacao\/","chapeu":"OS MELHORES","data":"19\/10\/2015","imagem":"https:\/\/images.futebolinterior.com.br\/2021\/04\/0002050122118_img-300x200.jpg","resumo":"O time foi escalado no ofensivo 4-3-3 e do meio para frente conduzido por homens especialistas dentro das quatro linhas"},"608901":{"titulo":"Um pato manco e um preju de 60 milh\u00f5es hoje ao Corinthians","link":"https:\/\/www.futebolinterior.com.br\/um-pato-manco-e-um-preju-de-60-milhoes-hoje-ao-corinthians\/","chapeu":"OPINI\u00c3O","data":"18\/10\/2015","imagem":"https:\/\/images.futebolinterior.com.br\/2021\/04\/0002050122093_img-300x221.jpg","resumo":"Um deles \u00e9 o pr\u00f3prio Pato, jogador por quem o Corinthians pagou uma verdadeira fortuna. Jogaram dinheiro fora. Hoje, Pato est\u00e1 no S\u00e3o Paulo, porque ficou pesado mant\u00ea-lo no Parque "}}