{"607434":{"titulo":"Fluminense 0 x 1 Atl\u00e9tico-PR - Walter marca e Furac\u00e3o quebra tabu de seis anos","link":"https:\/\/www.futebolinterior.com.br\/fluminense-0-x-1-atletico-pr-walter-marca-e-furacao-quebra-tabu-de-seis-anos\/","chapeu":"SAI ZICA!","data":"24\/10\/2015","imagem":"https:\/\/images.futebolinterior.com.br\/2021\/04\/0002050123335_img-300x208.jpg","resumo":"O clube paranaense n\u00e3o vencia o Tricolor h\u00e1 dez partidas. No Brasileir\u00e3o, vinha de nove trope\u00e7os seguidos"},"607467":{"titulo":"Renato Augusto e Arana s\u00e3o relacionados no Corinthians para encarar o Flamengo","link":"https:\/\/www.futebolinterior.com.br\/renato-augusto-e-arana-sao-relacionados-no-corinthians-para-encarar-o-flamengo\/","chapeu":"CONFIRMADOS!","data":"24\/10\/2015","imagem":"https:\/\/images.futebolinterior.com.br\/2021\/04\/0002050123304_img-300x200.jpg","resumo":"O t\u00e9cnico Tite divulgou neste s\u00e1bado a lista de relacionados para o duelo contra o Flamengo, domingo, no Itaquer\u00e3o, pela 32\u00aa rodada do Campeonato Brasileiro"},"607465":{"titulo":"Que fase! Sem espa\u00e7o no Corinthians, goleiro Renan acaba no Tigres do Brasil-RJ","link":"https:\/\/www.futebolinterior.com.br\/que-fase-sem-espaco-no-corinthians-goleiro-renan-acaba-no-tigres-do-brasil-rj\/","chapeu":"LEMBRA DELE?","data":"24\/10\/2015","imagem":"https:\/\/images.futebolinterior.com.br\/2021\/04\/0002050123303_img-300x225.jpg","resumo":"Sem espa\u00e7o no Corinthians, goleiro Renan acaba no Tigres do Brasil-RJ. Os laterais Igor Fernandes e Lucas Roncato, o volante Fabiano e o meia Ayrton tamb\u00e9m foram cedidos."},"607469":{"titulo":"Luis Fabiano \u00e9 desfalque no S\u00e3o Paulo contra o Coritiba; Rog\u00e9rio volta","link":"https:\/\/www.futebolinterior.com.br\/luis-fabiano-e-desfalque-no-sao-paulo-contra-o-coritiba-rogerio-volta\/","chapeu":"LESIONOU...","data":"24\/10\/2015","imagem":"https:\/\/images.futebolinterior.com.br\/2021\/04\/0002050123301_img-300x190.jpg","resumo":" O atacante Luis Fabiano desfalcar\u00e1 o S\u00e3o Paulo no duelo contra o Coritiba neste domingo, \u00e0s 17h, no est\u00e1dio Couto Pereira, pela 32\u00aa rodada do Campeonato Brasileiro"},"607474":{"titulo":"Recuperado de les\u00e3o no ombro, Marcelo Grohe \u00e9 relacionado no Gr\u00eamio contra Vasco","link":"https:\/\/www.futebolinterior.com.br\/recuperado-de-lesao-no-ombro-marcelo-grohe-e-relacionado-no-gremio-contra-vasco\/","chapeu":"E A\u00cd, PROFESSOR?","data":"24\/10\/2015","imagem":"https:\/\/images.futebolinterior.com.br\/2021\/04\/0002050123298_img-300x200.jpg","resumo":" Recuperado de uma les\u00e3o no ombro direito, o goleiro Marcelo Grohe foi relacionado pelo t\u00e9cnico Roger Machado para a partida do Gr\u00eamio contra o Vasco"},"607489":{"titulo":"Coritiba x S\u00e3o Paulo - Ap\u00f3s \"apanhar\" na Copa do Brasil, Tricolor busca primeira vit\u00f3ria com Doriva","link":"https:\/\/www.futebolinterior.com.br\/coritiba-x-sao-paulo-apos-apanhar-na-copa-do-brasil-tricolor-busca-primeira-vitoria-com-doriva\/","chapeu":"VIRA A CHAVE","data":"24\/10\/2015","imagem":"https:\/\/images.futebolinterior.com.br\/2021\/04\/0002050123286_img-300x180.jpg","resumo":"O time paulista perdeu por 3 a 1 para o Santos na partida de ida da Copa do Brasil em pleno Morumbi e agora concentra suas aten\u00e7\u00f5es no Brasileir\u00e3o"},"607491":{"titulo":"Goi\u00e1s x Cruzeiro - Desfalcado, Esmeraldino precisa da vit\u00f3ria para se afastar da degola","link":"https:\/\/www.futebolinterior.com.br\/goias-x-cruzeiro-desfalcado-esmeraldino-precisa-da-vitoria-para-se-afastar-da-degola\/","chapeu":"T\u00c1 DIF\u00cdCIL!","data":"24\/10\/2015","imagem":"https:\/\/images.futebolinterior.com.br\/2021\/04\/0002050123285_img-300x200.jpg","resumo":"A Raposa vem de sete jogos sem perder e se afastou de vez das \u00faltimas coloca\u00e7\u00f5es do Brasileir\u00e3o"},"607517":{"titulo":"Aidar fala ap\u00f3s ren\u00fancia e quer provas de que desviou dinheiro do S\u00e3o Paulo","link":"https:\/\/www.futebolinterior.com.br\/aidar-fala-apos-renuncia-e-quer-provas-de-que-desviou-dinheiro-do-sao-paulo\/","chapeu":"ELE APARECEU!","data":"24\/10\/2015","imagem":"https:\/\/images.futebolinterior.com.br\/2021\/04\/0002050123279_img-300x186.jpg","resumo":"O dirigente falou sobre lavagem de dinheiro e a tentativa de agress\u00e3o a Ata\u00edde Gil Guerreiro"},"607493":{"titulo":"Internacional fica pr\u00f3ximo de acerto com volante do Figueirense","link":"https:\/\/www.futebolinterior.com.br\/internacional-fica-proximo-de-acerto-com-volante-do-figueirense\/","chapeu":"ACORDO VERBAL","data":"24\/10\/2015","imagem":"https:\/\/images.futebolinterior.com.br\/2021\/04\/0002050123277_img-300x227.jpg","resumo":"Fabinho foi jogador de Argel no Figueirense e se destaca pela forma de defender e vontade dentro de campo"},"607498":{"titulo":"Surpresa! Barcelona pode contratar Ricardo Oliveira, artilheiro do Brasileir\u00e3o","link":"https:\/\/www.futebolinterior.com.br\/surpresa-barcelona-pode-contratar-ricardo-oliveira-artilheiro-do-brasileirao\/","chapeu":"CARACA!","data":"24\/10\/2015","imagem":"https:\/\/images.futebolinterior.com.br\/2021\/04\/0002050123275_img-300x200.jpg","resumo":"Assis, irm\u00e3o de Ronaldinho Ga\u00facho, ofereceu o jogador a diretoria do Bar\u00e7a nos \u00faltimos dias"}}