{"607283":{"titulo":"Eduardo Baptista \"esquece\" derrota do Flu e j\u00e1 foca no jogo contra Palmeiras","link":"https:\/\/www.futebolinterior.com.br\/eduardo-baptista-esquece-derrota-do-flu-e-ja-foca-no-jogo-contra-palmeiras\/","chapeu":"FALA PROFESSOR!","data":"25\/10\/2015","imagem":"https:\/\/images.futebolinterior.com.br\/2021\/04\/0002050123522_img-300x199.jpg","resumo":"Nesta quarta-feira, o Tricolor enfrenta o Verd\u00e3o por um lugar na decis\u00e3o da Copa do Brasil"},"607285":{"titulo":"Walter comemora gol contra Flu e mira decis\u00e3o na Copa Sul-Americana","link":"https:\/\/www.futebolinterior.com.br\/walter-comemora-gol-contra-flu-e-mira-decisao-na-copa-sul-americana\/","chapeu":"ELE SABE!","data":"25\/10\/2015","imagem":"https:\/\/images.futebolinterior.com.br\/2021\/04\/0002050123519_img-300x208.jpg","resumo":"O atancate margou o gol da vit\u00f3ria do Atl\u00e9tico-PR diante do Tricolor neste s\u00e1bado"},"607287":{"titulo":"Carlos Alberto, ex-meia de Corinthians e S\u00e3o Paulo, revela desejo de encerrar carreira no Figueirense","link":"https:\/\/www.futebolinterior.com.br\/carlos-alberto-ex-meia-de-corinthians-e-sao-paulo-revela-desejo-de-encerrar-carreira-no-figueirense\/","chapeu":"SER\u00c1?","data":"25\/10\/2015","imagem":"https:\/\/images.futebolinterior.com.br\/2021\/04\/0002050123518_img-300x170.jpg","resumo":" Carlos Alberto parece finalmente ter encontrado a paz em Florian\u00f3polis, tanto que revelou o desejo de encerrar a carreira no Figueirense"},"607303":{"titulo":"Na briga pela Libertadores, Ponte Preta encaminha renova\u00e7\u00e3o com Gilson e Felipe Azevedo","link":"https:\/\/www.futebolinterior.com.br\/na-briga-pela-libertadores-ponte-preta-encaminha-renovacao-com-gilson-e-felipe-azevedo\/","chapeu":"ESPINHA DORSAL","data":"25\/10\/2015","imagem":"https:\/\/images.futebolinterior.com.br\/2021\/04\/0002050123507_img-300x200.jpg","resumo":"Depois dos zagueiros Ferron e Renato Chaves, a diretoria acertou as perman\u00eancias do lateral-esquerdo Gilson e do atacante Felipe Azevedo"},"607353":{"titulo":"Doriva coloca vit\u00f3ria contra Coritiba como crucial para dar confian\u00e7a ao S\u00e3o Paulo na Copa do Brasil","link":"https:\/\/www.futebolinterior.com.br\/doriva-coloca-vitoria-contra-coritiba-como-crucial-para-dar-confianca-ao-sao-paulo-na-copa-do-brasil\/","chapeu":"VAI DESENCANTAR?","data":"25\/10\/2015","imagem":"https:\/\/images.futebolinterior.com.br\/2021\/04\/0002050123469_img-300x169.jpg","resumo":"A derrota no meio de semana por 3 a 1 para o Santos, no Morumbi, abateu o elenco"},"607357":{"titulo":"Chapecoense troca o \"chip\" e volta as aten\u00e7\u00f5es para o Brasileir\u00e3o","link":"https:\/\/www.futebolinterior.com.br\/chapecoense-troca-o-chip-e-volta-as-atencoes-para-o-brasileirao\/","chapeu":"NOVO FOCO","data":"25\/10\/2015","imagem":"https:\/\/images.futebolinterior.com.br\/2021\/04\/0002050123467_img-300x200.jpg","resumo":"Depois de atuar no Rio, em Porto Alegre e em Buenos Aires, a Chapecoense finalmente se reencontrar\u00e1 com seus torcedores neste domingo"},"607355":{"titulo":"Roger Machado projeta sete pontos para o Gr\u00eamio disputar a Libertadores","link":"https:\/\/www.futebolinterior.com.br\/roger-machado-projeta-sete-pontos-para-o-gremio-disputar-a-libertadores\/","chapeu":"CALCULANDO!","data":"25\/10\/2015","imagem":"https:\/\/images.futebolinterior.com.br\/2021\/04\/0002050123465_img-300x146.jpg","resumo":"O time ga\u00facho est\u00e1 na terceira coloca\u00e7\u00e3o do Campeonato Brasileiro, a 12 pontos de dist\u00e2ncia do l\u00edder Corinthians"},"607359":{"titulo":"Atl\u00e9tico-MG tem voltar importantes para seguir vivo na briga pelo t\u00edtulo do Brasileir\u00e3o","link":"https:\/\/www.futebolinterior.com.br\/atletico-mg-tem-voltar-importantes-para-seguir-vivo-na-briga-pelo-titulo-do-brasileirao\/","chapeu":"A\u00cd SIM","data":"25\/10\/2015","imagem":"https:\/\/images.futebolinterior.com.br\/2021\/04\/0002050123464_img-300x200.jpg","resumo":"Apesar de o sonho do t\u00edtulo ter ficado mais distantes, o time ainda n\u00e3o jogou a toalha e buscar\u00e1 a reabilita\u00e7\u00e3o neste domingo, \u00e0s 19h30, contra a Ponte Preta"},"607343":{"titulo":"Eliminat\u00f3rias salvam a pele dos '\u00e1rbitros velhinhos' no quadro da Fifa em 2016","link":"https:\/\/www.futebolinterior.com.br\/eliminatorias-salvam-a-pele-dos-arbitros-velhinhos-no-quadro-da-fifa-em-2016\/","chapeu":"OS MESMOS DE SEMPRE","data":"25\/10\/2015","imagem":"https:\/\/images.futebolinterior.com.br\/2021\/04\/0002050123468_img-300x169.jpg","resumo":"Apesar das constantes cr\u00edticas \u00e0 arbitragem brasileira, a lista de brasileiro no quadro da Fifa n\u00e3o deve ter muitas mudan\u00e7as"},"607349":{"titulo":"Ex-Inter, Fabr\u00edcio acredita e coloca Cruzeiro na briga pelo G4","link":"https:\/\/www.futebolinterior.com.br\/ex-inter-fabricio-acredita-e-coloca-cruzeiro-na-briga-pelo-g4\/","chapeu":"FOCADO!","data":"25\/10\/2015","imagem":"https:\/\/images.futebolinterior.com.br\/2021\/04\/0002050123463_img-300x203.jpg","resumo":"Faltam sete rodadas para o t\u00e9rmino da competi\u00e7\u00e3o e o elenco celeste sabe que a vaga para a Copa Libertadores \u00e9 sonho distante"}}