{"2317291":{"titulo":"Maring\u00e1 se reapresenta com duas novidades e trio em recupera\u00e7\u00e3o","link":"https:\/\/www.futebolinterior.com.br\/maringa-se-reapresenta-com-duas-novidades-e-trio-em-recuperacao\/","chapeu":"DE VOLTA","data":"22\/07\/2025","imagem":"https:\/\/images.futebolinterior.com.br\/2025\/07\/1E35834A-B012-4008-8E6E-6092A4F2C53E-300x217.webp","resumo":"O Maring\u00e1 se reapresentou na tarde desta ter\u00e7a-feira (22) com duas novidades para a sequ\u00eancia do Brasileir\u00e3o da S\u00e9rie C"},"2317269":{"titulo":"Caxias perde pra rival do G-8 e J\u00fanior Rocha avalia: \"Vai ser assim at\u00e9 o final\"","link":"https:\/\/www.futebolinterior.com.br\/caxias-perde-pra-rival-do-g-8-e-junior-rocha-avalia-vai-ser-assim-ate-o-final\/","chapeu":"PERDEU","data":"22\/07\/2025","imagem":"https:\/\/images.futebolinterior.com.br\/2025\/07\/WhatsApp-Image-2025-07-21-at-20.24.50-300x187.webp","resumo":"O Caxias sofreu sua quarta derrota na S\u00e9rie C do Campeonato Brasileiro no Recife, para o N\u00e1utico, depois de cinco vit\u00f3rias consecutivas"},"2317247":{"titulo":"Londrina rescinde com atacante que vai disputar acesso na S\u00e9rie D","link":"https:\/\/www.futebolinterior.com.br\/londrina-rescinde-com-atacante-que-vai-disputar-acesso-na-serie-d\/","chapeu":"SA\u00cdDA","data":"22\/07\/2025","imagem":"https:\/\/images.futebolinterior.com.br\/2025\/07\/54629014813_d3786a5f99_c-300x200.webp","resumo":"O Londrina rescindiu o contrato do centroavante Edson Cari\u00fas, e encurtou ainda mais o elenco que segue na disputa da S\u00e9rie C"},"2317222":{"titulo":"Botafogo-PB promove estreia durante vit\u00f3ria contra o Ituano na S\u00e9rie C","link":"https:\/\/www.futebolinterior.com.br\/botafogo-pb-promove-estreia-durante-vitoria-contra-o-ituano-na-serie-c\/","chapeu":"ESTREIA","data":"22\/07\/2025","imagem":"https:\/\/images.futebolinterior.com.br\/2025\/07\/WhatsApp-Image-2025-07-21-at-12.22.24-300x200.webp","resumo":"Ynai\u00e3 fez sua estreia pelo Botafogo-PB no \u00faltimo s\u00e1bado (19), durante a vit\u00f3ria por 3 a 0 sobre o Ituano"},"2317199":{"titulo":"An\u00e1polis domina Guarani e Gabardo celebra: \"Trabalho executado com perfei\u00e7\u00e3o\"","link":"https:\/\/www.futebolinterior.com.br\/anapolis-domina-guarani-e-gabardo-celebra-trabalho-executado-com-perfeicao\/","chapeu":"VENCEU","data":"22\/07\/2025","imagem":"https:\/\/images.futebolinterior.com.br\/2025\/07\/751FCA45-7E81-4048-A1C6-87557D7B3CCA-300x188.webp","resumo":"O An\u00e1polis dominou o Guarani no Est\u00e1dio Jonas Duarte e garantiu a vit\u00f3ria na primeira metade, com gols de Kadu e Andr\u00e9"},"2317165":{"titulo":"Confian\u00e7a contrata atacante do Ava\u00ed e libera lateral pro exterior","link":"https:\/\/www.futebolinterior.com.br\/confianca-contrata-atacante-do-avai-e-libera-lateral-pro-exterior\/","chapeu":"MUDAN\u00c7AS","data":"22\/07\/2025","imagem":"https:\/\/images.futebolinterior.com.br\/2025\/07\/imagem_2025-07-22_162745266-300x204.webp","resumo":"O Confian\u00e7a anunciou nesta ter\u00e7a-feira (22) a contrata\u00e7\u00e3o do atacante Renan, de 21 anos, por empr\u00e9stimo junto ao Ava\u00ed"},"2317129":{"titulo":"Cachorro invade gramado e para N\u00e1utico x Caxias na S\u00e9rie C","link":"https:\/\/www.futebolinterior.com.br\/cachorro-invade-gramado-nautico-caxias-serie-c-aflitos-partida\/","chapeu":"CENAS RARAS","data":"22\/07\/2025","imagem":"https:\/\/images.futebolinterior.com.br\/2025\/07\/Screenshot_4-300x198.webp","resumo":"Partida entre N\u00e1utico e Caxias \u00e9 interrompida ap\u00f3s cachorro invadir o gramado dos Aflitos pela S\u00e9rie C."},"2316987":{"titulo":"Crici\u00fama e N\u00e1utico n\u00e3o entram em acordo por nigeriano","link":"https:\/\/www.futebolinterior.com.br\/criciuma-e-nautico-nao-entram-em-acordo-por-nigeriano\/","chapeu":"CANCELADO!","data":"22\/07\/2025","imagem":"https:\/\/images.futebolinterior.com.br\/2025\/07\/samuel-otusanya-com-a-camisa-do-criciuma.avif","resumo":"O\u00a0N\u00e1utico\u00a0havia encaminhado o retorno do atacante nigeriano\u00a0Samuel Otusanya, de 21 anos, que fez passagem chamativa pelo clube recifense durante o primeiro trimestre de 2025."},"2316974":{"titulo":"S\u00e9rie C: Marcelo Fernandes detona arbitragem ap\u00f3s derrota do Guarani","link":"https:\/\/www.futebolinterior.com.br\/tecnico-detona-arbitragem-em-derrota-do-guarani\/","chapeu":"CULPADO?","data":"22\/07\/2025","imagem":"https:\/\/images.futebolinterior.com.br\/2025\/07\/Marcelo-Fernandes-dispara-contra-arbitragem-apos-derrota-do-Guarani-300x169.webp","resumo":"Al\u00e9m de perder a chance de entrar no G8, o rev\u00e9s fez o Guarani cair para a 12\u00aa coloca\u00e7\u00e3o na tabela, com 16 pontos"},"2316873":{"titulo":"Uma noite para o Guarani esquecer, em An\u00e1polis, pela S\u00e9rie C","link":"https:\/\/www.futebolinterior.com.br\/uma-noite-para-o-guarani-esquecer-em-anapolis-pela-serie-c\/","chapeu":"BLOG DO ARI","data":"21\/07\/2025","imagem":"https:\/\/images.futebolinterior.com.br\/2025\/07\/F343FA59-F7F1-4472-ABAF-E272ED2133D2-300x200.webp","resumo":"Talvez tenha sido a \u00fanica partida na competi\u00e7\u00e3o em que o Guarani n\u00e3o criou uma chance sequer. E levou dois gols do lanterna da S\u00e9rie C"}}