{"2317910":{"titulo":"Brusque anuncia retorno de goleador para a S\u00e9rie C","link":"https:\/\/www.futebolinterior.com.br\/brusque-anuncia-retorno-de-goleador-para-a-serie-c\/","chapeu":"CHEGOU","data":"23\/07\/2025","imagem":"https:\/\/images.futebolinterior.com.br\/2025\/07\/WhatsApp-Image-2025-07-23-at-15.26.39-300x169.webp","resumo":"Vice-artilheiro do Brusque nas temporadas de 2023 e 2024, o centroavante Ol\u00e1vio foi anunciado pelo clube nesta quarta-feira (23)"},"2317846":{"titulo":"Figueirense anuncia Wesley Costa, lateral formado no Gr\u00eamio","link":"https:\/\/www.futebolinterior.com.br\/figueirense-anuncia-wesley-costa-lateral-formado-no-gremio\/","chapeu":"OFICIAL","data":"23\/07\/2025","imagem":"https:\/\/images.futebolinterior.com.br\/2025\/07\/5DC4CCF0-BE2C-4CDE-8657-351528EB3FCF-300x203.webp","resumo":"O Figueirense oficializou nesta quarta-feira (23) a contrata\u00e7\u00e3o do lateral-esquerdo Wesley Costa, de 21 anos"},"2317856":{"titulo":"Confian\u00e7a acerta contrata\u00e7\u00e3o de Lawan para sequ\u00eancia da S\u00e9rie C","link":"https:\/\/www.futebolinterior.com.br\/confianca-acerta-contratacao\/","chapeu":"MERCADO","data":"23\/07\/2025","imagem":"https:\/\/images.futebolinterior.com.br\/2025\/07\/Lawan-Vitoria-300x200.webp","resumo":"O Confian\u00e7a confirmou a chegada do atacante Lawan para a disputa da reta final da S\u00e9rie C "},"2317835":{"titulo":"ABC anuncia lateral campe\u00e3o da S\u00e9rie C de 2023","link":"https:\/\/www.futebolinterior.com.br\/abc-anuncia-lateral-campeao-da-serie-c-de-2023\/","chapeu":"CHEGOU","data":"23\/07\/2025","imagem":"https:\/\/images.futebolinterior.com.br\/2025\/07\/B6282DF3-16A1-4134-B99E-9861B2F3039E-300x221.webp","resumo":"O ABC anunciou nesta quarta-feira (23) a chegada do lateral-direito Patric, de 36 anos, com v\u00ednculo at\u00e9 o final da S\u00e9rie C"},"2317643":{"titulo":"S\u00e9rie C: Venda de Richard R\u00edos rende mais de mais de R$ 33 milh\u00f5es ao Guarani","link":"https:\/\/www.futebolinterior.com.br\/venda-de-rios-rende-mais-de-mais-de-r-33-milhoes-ao-guarani\/","chapeu":"TOP 1","data":"23\/07\/2025","imagem":"https:\/\/images.futebolinterior.com.br\/2025\/07\/Venda-de-Richard-Rios-rende-R-33-milhoes-ao-Guarani-300x187.webp","resumo":"R\u00edos se torna o jogador mais lucrativo da hist\u00f3ria bugrina, superando nomes como Djalminha, Luiz\u00e3o, Robson Ponte e Bruno Mendes"},"2317631":{"titulo":"S\u00e9rie C: Guarani e Ponte Preta acumulam pendurados em rodada pr\u00e9-d\u00e9rbi","link":"https:\/\/www.futebolinterior.com.br\/serie-c-guarani-e-ponte-preta-derbi-pendurados\/","chapeu":"ATEN\u00c7\u00c3O","data":"23\/07\/2025","imagem":"https:\/\/images.futebolinterior.com.br\/2025\/07\/Guarani-e-Ponte-acumulam-pendurados-em-rodada-pre-derbi-300x192.webp","resumo":"Guarani e Ponte Preta far\u00e3o o d\u00e9rbi 210, que ser\u00e1 disputado pela primeira vez na hist\u00f3ria da terceira divis\u00e3o nacional"},"2317568":{"titulo":"Valeu o Guarani bancar tremendo sal\u00e1rio por Diego Torres?","link":"https:\/\/www.futebolinterior.com.br\/valeu-o-guarani-bancar-tremendo-salario-por-diego-torres\/","chapeu":"BLOG DO ARI","data":"22\/07\/2025","imagem":"https:\/\/images.futebolinterior.com.br\/2025\/07\/Diego-Torres-Guarani-300x164.webp","resumo":"Se de fato destacou-se no CRB, nas temporadas 2010\/21, depois apenas oscila\u00e7\u00f5es por clubes como Vit\u00f3ria, Novorizontino e Vila Nova."},"2317432":{"titulo":"Eberlin comenta transfer ban que impede Ponte Preta de contratar na S\u00e9rie C","link":"https:\/\/www.futebolinterior.com.br\/eberlin-comenta-transfer-ban-que-impede-ponte-preta-de-contratar-na-serie-c\/","chapeu":"TRANSFER BAN","data":"22\/07\/2025","imagem":"https:\/\/images.futebolinterior.com.br\/2025\/07\/D6B2B8E7-4E1D-4FB3-83C6-6EBBF971F7F2-300x154.webp","resumo":"O presidente Marco Ant\u00f4nio Eberlin esclareceu a situa\u00e7\u00e3o que envolve o transfer ban aplicado \u00e0 Ponte Preta pelo n\u00e3o pagamento das parcelas junto ao CNRD"},"2317317":{"titulo":"CSA contrata zagueiro que vem de dois acessos na S\u00e9rie C","link":"https:\/\/www.futebolinterior.com.br\/csa-contrata-zagueiro-que-vem-de-dois-acessos-na-serie-c\/","chapeu":"CHEGOU","data":"22\/07\/2025","imagem":"https:\/\/images.futebolinterior.com.br\/2025\/07\/9D314B63-5C30-4401-BD02-0D88BA2EEEE7-300x194.webp","resumo":"O CSA anunciou nesta ter\u00e7a-feira (22) a contrata\u00e7\u00e3o do zagueiro Jackson, de 35 anos, para a sequ\u00eancia da temporada"},"2317316":{"titulo":"Mazola abre o jogo e esclarece sobre contrata\u00e7\u00f5es do Ituano","link":"https:\/\/www.futebolinterior.com.br\/mazola-abre-o-jogo-e-esclarece-sobre-contratacoes-do-ituano\/","chapeu":"SER\u00c1?","data":"22\/07\/2025","imagem":"https:\/\/images.futebolinterior.com.br\/2025\/07\/B8C3EB47-CE96-4FC9-A3A7-D6B58806EE45-300x177.webp","resumo":"Desde o in\u00edcio da competi\u00e7\u00e3o, o Ituano s\u00f3 contratou o goleiro Vagner durante a janela especial, mas mostra ind\u00edcios de ter elenco curto"}}