{"2148625":{"titulo":"S\u00e9rie C: Caxias anuncia a sa\u00edda de artilheiro da temporada","link":"https:\/\/www.futebolinterior.com.br\/serie-c-caxias-anuncia-a-saida-de-artilheiro-da-temporada\/","chapeu":"N\u00c3O FICA","data":"28\/08\/2024","imagem":"https:\/\/images.futebolinterior.com.br\/2024\/08\/Caxias-anuncia-rescisao-de-contrato-com-Alvaro-300x143.jpg","resumo":"Nesta quarta-feira (28), o Caxias anunciou, em seu site oficial, a rescis\u00e3o em comum acordo do atacante, que defender\u00e1 o Ituano"},"2148614":{"titulo":"S\u00e9rie C: Atacante do Athletic assume a camisa 9 e se torna vice-artilheiro da temporada","link":"https:\/\/www.futebolinterior.com.br\/atacante-athletic-assume-camisa-9-e-vice-artilharia\/","chapeu":"GOLS!","data":"28\/08\/2024","imagem":"https:\/\/images.futebolinterior.com.br\/2024\/08\/imagem_2024-08-28_210555610-300x215.png","resumo":"Den\u00edlson chegou ao Athletic ap\u00f3s passagem no Rio Claro, e marcou cinco gols nos \u00faltimos tr\u00eas jogos"},"2148617":{"titulo":"S\u00e9rie C: CSA renova com lateral-direito e segue processo de reformula\u00e7\u00e3o","link":"https:\/\/www.futebolinterior.com.br\/serie-c-csa-renova-com-lateral-direito-e-segue-processo-de-reformulacao\/","chapeu":"ELE FICA!","data":"28\/08\/2024","imagem":"https:\/\/images.futebolinterior.com.br\/2024\/08\/CSA-renova-com-o-lateral-direito-Raphinha-300x174.jpg","resumo":"Nesta quarta-feira (28), o CSA anunciou a manuten\u00e7\u00e3o do lateral-direito Raphinha, que fica no clube ao menos at\u00e9 o fim de 2025"},"2148607":{"titulo":"S\u00e9rie C: Junior Rocha projeta jogos \"mais dif\u00edceis\" na 2\u00aa Fase e mira o acesso com a Ferrovi\u00e1ria","link":"https:\/\/www.futebolinterior.com.br\/serie-c-junior-rocha-projeta-jogos-mais-dificeis-na-2a-fase-e-mira-o-acesso-com-a-ferroviaria\/","chapeu":"FOCO TOTAL","data":"28\/08\/2024","imagem":"https:\/\/images.futebolinterior.com.br\/2024\/08\/Junior-Rocha-projeta-jogos-duros-na-2a-Fase-da-Serie-C-300x200.jpeg","resumo":"Com o t\u00e9cnico Junior Rocha, que substituiu Vin\u00edcius Bergantin, a Ferrovi\u00e1ria fez uma campanha hist\u00f3rica na primeira fase"},"2148604":{"titulo":"S\u00e9rie C: Goleiro do S\u00e3o Bernardo projeta acesso: \"Vamos fazer de tudo\"","link":"https:\/\/www.futebolinterior.com.br\/goleiro-sao-bernardo-projeta-acesso\/","chapeu":"DE OLHO","data":"28\/08\/2024","imagem":"https:\/\/images.futebolinterior.com.br\/2024\/08\/imagem_2024-08-28_203036296-300x201.png","resumo":"Neste domingo (01), o S\u00e3o Bernardo vai estrear fora de casa nos quadrangulares, visitando o Volta Redonda no Raulino de Oliveira"},"2148563":{"titulo":"S\u00e9rie C: ABC anuncia rescis\u00e3o com Roberto Fonseca e fecha ano com tr\u00eas treinadores","link":"https:\/\/www.futebolinterior.com.br\/serie-c-abc-anuncia-rescisao-com-roberto-fonseca-e-fecha-ano-com-tres-treinadores\/","chapeu":"ADEUS!","data":"28\/08\/2024","imagem":"https:\/\/images.futebolinterior.com.br\/2024\/08\/ABC-rescinde-com-Roberto-Fonseca-300x167.png","resumo":"o ABC anunciou a rescis\u00e3o com o treinador Roberto Fonseca, que sai junto de seu auxiliar, Bruno Formigoni, e o preparador f\u00edsico Roberto Nogueira"},"2148530":{"titulo":"S\u00e9rie C: T\u00e9cnico do Remo projeta jogos duros, mas mant\u00e9m confian\u00e7a no acesso","link":"https:\/\/www.futebolinterior.com.br\/serie-c-tecnico-do-remo-projeta-jogos-duros-mas-mantem-confianca-no-acesso\/","chapeu":"S\u00d3 JOG\u00c3O","data":"28\/08\/2024","imagem":"https:\/\/images.futebolinterior.com.br\/2024\/08\/3-Clube-do-Remo-ClubeDoRemo-X-300x219.png","resumo":"O Remo far\u00e1 parte do Grupo B na 2\u00aa Fase da S\u00e9rie C, junto de Botafogo-PB, S\u00e3o Bernardo e Volta Redonda"},"2148508":{"titulo":"S\u00e9rie C: Confira as campanhas dos oito clubes \"novidade\" na edi\u00e7\u00e3o de 2024","link":"https:\/\/www.futebolinterior.com.br\/serie-c-confira-oito-campanhas-novidade-2024\/","chapeu":"OITO","data":"28\/08\/2024","imagem":"https:\/\/images.futebolinterior.com.br\/2024\/08\/53934545331_eb000858aa_c-1-300x200.jpg","resumo":"O Campeonato Brasileiro da S\u00e9rie C recebeu os oito novatos, e as campanhas em 2024 foram bastante distintas, confira"},"2148515":{"titulo":"S\u00e9rie C: Botafogo-PB anuncia fan fest em duelo contra o Remo","link":"https:\/\/www.futebolinterior.com.br\/serie-c-botafogo-pb-anuncia-fan-fest-em-duelo-contra-o-remo\/","chapeu":"INOVOU","data":"28\/08\/2024","imagem":"https:\/\/images.futebolinterior.com.br\/2024\/08\/Botafogo-PB-abre-fan-fest-para-estreia-na-2a-Fase-300x216.jpeg","resumo":"O evento, chamado de \"Arena Belo\", contar\u00e1 com shows no pr\u00e9 e p\u00f3s-jogo, tel\u00e3o para assistir o duelo e muitas atra\u00e7\u00f5es"},"2148481":{"titulo":"S\u00e9rie C: Volta Redonda perde meia por nova suspens\u00e3o; Atacante segue fora","link":"https:\/\/www.futebolinterior.com.br\/volta-redonda-perde-meia-nova-suspensao\/","chapeu":"FORA","data":"28\/08\/2024","imagem":"https:\/\/images.futebolinterior.com.br\/2024\/08\/WhatsApp-Image-2024-06-23-at-21.17.52-300x200.jpg","resumo":"O meia PK e o atacante Matheus Lucas s\u00e3o os desfalques certos do Volta Redonda para o embate de domingo (01)"}}