{"2148978":{"titulo":"S\u00e9rie C: Presidente do Ypiranga mira tr\u00eas vit\u00f3rias em casa para aproximar acesso","link":"https:\/\/www.futebolinterior.com.br\/presidente-ypiranga-mira-3-vitorias-casa\/","chapeu":"ERECHIM!","data":"29\/08\/2024","imagem":"https:\/\/images.futebolinterior.com.br\/2024\/08\/WhatsApp-Image-2024-08-29-at-11.13.21-1-300x200.jpeg","resumo":"O Ypiranga vai receber no s\u00e1bado (31) a \u00fanica equipe que o derrotou como mandante na temporada de 2024"},"2148964":{"titulo":"S\u00e9rie C: Diretor do Figueirense revela cautela sobre renova\u00e7\u00f5es para 2025","link":"https:\/\/www.futebolinterior.com.br\/serie-c-diretor-do-figueirense-revela-cautela-sobre-renovacoes-para-2025\/","chapeu":"REFORMULA\u00c7\u00c3O","data":"29\/08\/2024","imagem":"https:\/\/images.futebolinterior.com.br\/2024\/08\/Figueirense-tem-20-jogadores-em-termino-de-contrato-300x200.jpg","resumo":"20 jogadores possuem contrato com o Figueirense at\u00e9 o fim deste ano, enquanto apenas seis est\u00e3o confirmados para 2025"},"2148929":{"titulo":"S\u00e9rie C: Evaristo Piza tem \"dor de cabe\u00e7a\" para escalar Botafogo-PB no quadrangular","link":"https:\/\/www.futebolinterior.com.br\/serie-c-evaristo-piza-tem-dor-de-cabeca-para-escalar-botafogo-pb-no-quadrangular\/","chapeu":"VAI MUDAR?","data":"29\/08\/2024","imagem":"https:\/\/images.futebolinterior.com.br\/2024\/08\/Piza-tem-dor-de-cabeca-para-escalar-o-Botafogo-PB-300x162.jpeg","resumo":"Piza n\u00e3o repetiu os 11 iniciais do Botafogo em nenhuma das 19 rodadas da primeira fase, e mostrou que o elenco \u00e9 qualificado"},"2148899":{"titulo":"S\u00e9rie C: Dupla n\u00e3o renova e CSA confirma primeiras sa\u00eddas do elenco","link":"https:\/\/www.futebolinterior.com.br\/serie-c-dupla-nao-renova-e-csa-confirma-primeiras-saidas-do-elenco\/","chapeu":"DE SA\u00cdDA","data":"29\/08\/2024","imagem":"https:\/\/images.futebolinterior.com.br\/2024\/08\/CSA-rescinde-os-contratos-de-dois-jogadores-300x192.png","resumo":"o CSA rescindiu, nesta quinta-feira (29), os contratos do lateral-direito Lucas Marques e do atacante V\u00edtor Leque"},"2148852":{"titulo":"S\u00e9rie C: Botafogo-PB tenta manter tabu de seis anos contra o Remo","link":"https:\/\/www.futebolinterior.com.br\/serie-c-botafogo-pb-tenta-manter-tabu-de-seis-anos-contra-o-remo\/","chapeu":"QUE TABU!","data":"29\/08\/2024","imagem":"https:\/\/images.futebolinterior.com.br\/2024\/08\/Botafogo-PB-tenta-manter-tabu-contra-o-Remo-300x200.jpeg","resumo":"O Botafogo-PB n\u00e3o sabe o que \u00e9 perder para o Le\u00e3o desde 2018, e quer aproveitar a boa fase para manter a escrita"},"2148839":{"titulo":"S\u00e9rie C: Volta Redonda lan\u00e7a combo promocional para jogos em casa na 2\u00aa Fase","link":"https:\/\/www.futebolinterior.com.br\/serie-c-volta-redonda-lanca-combo-promocional-para-jogos-em-casa-na-2a-fase\/","chapeu":"PROMO\u00c7\u00c3O","data":"29\/08\/2024","imagem":"https:\/\/images.futebolinterior.com.br\/2024\/08\/Volta-Redonda-anuncia-combo-de-ingressos-na-2a-Fase-300x171.jpg","resumo":"O torcedor poder\u00e1 apoiar o Volta Redonda nas tr\u00eas partidas em casa da equipe do Rio de Janeiro por um valor fixo de R$50"},"2148808":{"titulo":"S\u00e9rie C: Qual a pontua\u00e7\u00e3o necess\u00e1ria para o acesso? Veja m\u00e9dia dos \u00faltimos anos","link":"https:\/\/www.futebolinterior.com.br\/serie-c-qual-a-pontuacao-necessaria-para-o-acesso-veja-media-dos-ultimos-anos\/","chapeu":"R\u00c9GUA ALTA","data":"29\/08\/2024","imagem":"https:\/\/images.futebolinterior.com.br\/2024\/08\/Veja-media-de-pontuacao-para-acesso-na-Serie-C-300x200.jpg","resumo":"No chamado \"quadrangular do acesso\", os times se enfrentam dentro de suas chaves, em jogos de ida e volta"},"2148798":{"titulo":"S\u00e9rie C: Lateral do Remo garante que classifica\u00e7\u00e3o tardia n\u00e3o influencia na briga pelo acesso","link":"https:\/\/www.futebolinterior.com.br\/serie-c-lateral-do-remo-garante-que-classificacao-tardia-nao-influencia-na-briga-pelo-acesso\/","chapeu":"NOVA FASE","data":"29\/08\/2024","imagem":"https:\/\/images.futebolinterior.com.br\/2024\/08\/Lateral-do-Remo-garante-foco-no-acesso-300x178.jpg","resumo":"A estreia do Remo na fase decisiva ser\u00e1 neste s\u00e1bado (31), quando a partir das 17h30 encara o Botafogo-PB, no Mangueir\u00e3o"},"2148780":{"titulo":"S\u00e9rie C: Volante do S\u00e3o Bernardo pede aten\u00e7\u00e3o do elenco no quadrangular do acesso","link":"https:\/\/www.futebolinterior.com.br\/serie-c-volante-do-sao-bernardo-pede-atencao-do-elenco-no-quadrangular-do-acesso\/","chapeu":"FASE DECISIVA","data":"29\/08\/2024","imagem":"https:\/\/images.futebolinterior.com.br\/2024\/08\/Mika-analisa-dificuldade-da-2a-Fase-da-Serie-C-300x181.png","resumo":"O S\u00e3o Bernardo se garantiu com anteced\u00eancia no quadrangular do acesso, e agora ter\u00e1 pela frente um chamado \"grupo da morte\""},"2148633":{"titulo":"S\u00e9rie C: Botafogo-PB tem dois retornos e elenco completo para 2\u00aa fase","link":"https:\/\/www.futebolinterior.com.br\/botafogo-tem-dois-retornos-estreia-2a-fase\/","chapeu":"TODOS!","data":"28\/08\/2024","imagem":"https:\/\/images.futebolinterior.com.br\/2024\/08\/imagem_2024-08-28_213757225-300x207.png","resumo":"O Botafogo-PB ter\u00e1 elenco completo para estrear no Mangueir\u00e3o, j\u00e1 que dois atletas est\u00e3o de volta ap\u00f3s cumprirem suspens\u00e3o"}}