{"2281229":{"titulo":"PLACAR FI: Com S\u00e9rie B, confira os RESULTADOS desta SEGUNDA-FEIRA","link":"https:\/\/www.futebolinterior.com.br\/placar-fi-segunda-feira-3\/","chapeu":"COMPLET\u00c3O","data":"19\/05\/2025","imagem":"https:\/\/images.futebolinterior.com.br\/2025\/05\/image-138-300x203.webp","resumo":"A bola rolou para jogos do\u00a0Brasileir\u00e3o S\u00e9rie B e S\u00e9rie C, feminino e o Liverpool entrou em campo pelo Campeonato Ingl\u00eas"},"2281222":{"titulo":"Volta Redonda 1 x 1 Amazonas - Volta\u00e7o busca empate, mas ambos seguem no Z-4","link":"https:\/\/www.futebolinterior.com.br\/volta-redonda-1-x-1-amazonas\/","chapeu":"RUIM PARA AMBOS","data":"19\/05\/2025","imagem":"https:\/\/images.futebolinterior.com.br\/2025\/05\/1-2-300x240.webp","resumo":"Volta Redonda busca empate com Amazonas, mas ambos seguem no Z-4 da S\u00e9rie B"},"2281244":{"titulo":"Novorizontino divulga os bastidores da 1\u00aa vit\u00f3ria como visitante na S\u00e9rie B","link":"https:\/\/www.futebolinterior.com.br\/novorizontino-divulga-os-bastidores-da-1a-vitoria-como-visitante-na-serie-b\/","chapeu":"ASSISTA!","data":"19\/05\/2025","imagem":"https:\/\/images.futebolinterior.com.br\/2025\/05\/Screenshot_619-300x187.webp","resumo":"Al\u00e9m de quebrar o tabu como visitante, os tr\u00eas pontos deram f\u00f4lego ao Tigre, que se aproximou do G4 da competi\u00e7\u00e3o."},"2280864":{"titulo":"Barroca exalta CRB diante do Crici\u00fama: \"Vit\u00f3ria \u00e9 deles\"","link":"https:\/\/www.futebolinterior.com.br\/barroca-exalta-crb-criciuma\/","chapeu":"APROVADO","data":"19\/05\/2025","imagem":"https:\/\/images.futebolinterior.com.br\/2025\/05\/barroca-valoriza-entrega-crb-300x200.webp","resumo":"CRB vinha de tr\u00eas empates consecutivos e voltou a vencer, garantindo retorno ao grupo de acesso \u00e0 elite nacional"},"2281144":{"titulo":"Projeto transforma Crici\u00fama em exemplo de sustentabilidade no futebol brasileiro","link":"https:\/\/www.futebolinterior.com.br\/criciuma-exemplo-de-sustentabilidade\/","chapeu":"BEM LEGAL","data":"19\/05\/2025","imagem":"https:\/\/images.futebolinterior.com.br\/2025\/05\/image-138-300x294.webp","resumo":"Criado em 2019, em parceria com a patrocinadora do clube - a Cristalcopo - o projeto tem como objetivo reunir todos os res\u00edduos gerados em jogos realizados no Heriberto H\u00fclse"},"2281123":{"titulo":"Coritiba atravessa Sport e acerta a contrata\u00e7\u00e3o de Jacy, do Oper\u00e1rio-PR","link":"https:\/\/www.futebolinterior.com.br\/coritiba-acerta-a-contratacao-de-jacy\/","chapeu":"REFOR\u00c7O!","data":"19\/05\/2025","imagem":"https:\/\/images.futebolinterior.com.br\/2025\/05\/Captura-de-tela-2025-05-19-170752-300x216.webp","resumo":"O Coritiba\u00a0est\u00e1 pr\u00f3ximo de fechar a contrata\u00e7\u00e3o do volante Jacy, do Oper\u00e1rio-PR. A diretoria do Coxa vai pagar a multa rescis\u00f3ria do atleta e assinar contrato de tr\u00eas anos e meio com o jogador. "},"2281085":{"titulo":"S\u00e9rie B: Caio Dantas e Shaylon refor\u00e7am o Atl\u00e9tico-GO","link":"https:\/\/www.futebolinterior.com.br\/dantas-e-shaylon-reforcam-o-atletico-go\/","chapeu":"RECUPERADOS!","data":"19\/05\/2025","imagem":"https:\/\/images.futebolinterior.com.br\/2025\/05\/Captura-de-tela-2025-05-19-160910-300x196.webp","resumo":"O Atl\u00e9tico-GO deve contar com o retorno de Shaylon e Caio Dantas para a pr\u00f3xima rodada da S\u00e9rie B, contra o Am\u00e9rica-MG."},"2281073":{"titulo":"Chapecoense emplaca seu melhor in\u00edcio de S\u00e9rie B dos \u00faltimos 4 anos","link":"https:\/\/www.futebolinterior.com.br\/chapecoense-tem-melhor-inicio-desde-2020\/","chapeu":"BOM IN\u00cdCIO","data":"19\/05\/2025","imagem":"https:\/\/images.futebolinterior.com.br\/2025\/05\/Chapecoense-tem-melhor-inicio-de-serie-b-desde-2020-300x200.webp","resumo":"A Chapecoense comemora seu melhor desempenho inicial na competi\u00e7\u00e3o desde 2020, quando conquistou o t\u00edtulo"},"2281059":{"titulo":"S\u00e9rie B: Miguelito \u00e9 suspenso por cinco jogos pelo STJD por inj\u00faria racial","link":"https:\/\/www.futebolinterior.com.br\/miguelito-e-suspenso-por-injuria-racial\/","chapeu":"SUEPENS\u00c3O!","data":"19\/05\/2025","imagem":"https:\/\/images.futebolinterior.com.br\/2025\/05\/Miguelito-America-MG-300x169.webp","resumo":"O meia Miguelito, do Am\u00e9rica-MG, foi suspenso por cinco partidas pelo Superior Tribunal de Justi\u00e7a Desportiva (STJD) em julgamento sobre acusa\u00e7\u00e3o de inj\u00faria racial do atacante Allano, do Oper\u00e1rio-PR. "},"2281039":{"titulo":"S\u00e9rie B: Louzer valoriza entrega do elenco em vit\u00f3ria do Novorizontino","link":"https:\/\/www.futebolinterior.com.br\/louzer-valoriza-entrega-do-novorizontino\/","chapeu":"SATISFEITO","data":"19\/05\/2025","imagem":"https:\/\/images.futebolinterior.com.br\/2025\/05\/Louzer-valoriza-entrega-do-elenco-em-vitoria-do-Novorizontino-300x185.webp","resumo":"Na coletiva p\u00f3s-jogo, Louzer fez uma an\u00e1lise honesta do desempenho do time no duelo com o Athletic-MG"}}