{"2281968":{"titulo":"S\u00e9rie B: Mozart exalta elenco do Coritiba e rebate cr\u00edticas da torcida","link":"https:\/\/www.futebolinterior.com.br\/mozart-exalta-elenco-do-coritiba\/","chapeu":"ALFINETOU","data":"21\/05\/2025","imagem":"https:\/\/images.futebolinterior.com.br\/2025\/05\/Mozart-valoriza-elenco-do-Coritiba-300x197.webp","resumo":"O Coritiba voltou a encostar no G4, mas ainda n\u00e3o conseguiu entrar na zona de acesso"},"2281970":{"titulo":"Athletico define ex-Inter, Flu e Santos como novo t\u00e9cnico para S\u00e9rie B","link":"https:\/\/www.futebolinterior.com.br\/athletico-define-ex-inter-flu-e-santos-como-novo-tecnico-para-serie-b\/","chapeu":"NOVO COMANDO","data":"21\/05\/2025","imagem":"https:\/\/images.futebolinterior.com.br\/2025\/05\/Odair-Hellmann-Santos-2023-300x200.webp","resumo":"O Athletico Paranaense acertou a contrata\u00e7\u00e3o de Odair Hellmann para o comando da equipe principal."},"2281959":{"titulo":"T\u00e9cnico do Athletico-PR rebate cr\u00edticas ap\u00f3s classifica\u00e7\u00e3o na Copa do Brasil: \u201cSem t\u00e9cnico?\"","link":"https:\/\/www.futebolinterior.com.br\/tecnico-do-athletico-pr-rebate-criticas\/","chapeu":"FICOU MORDIDO","data":"21\/05\/2025","imagem":"https:\/\/images.futebolinterior.com.br\/2025\/05\/Tecnico-do-Athletico-PR-alfineta-imprensa-apos-classificacao-300x190.webp","resumo":"Apesar da vit\u00f3ria, Jo\u00e3o reconheceu que o Athletico ainda est\u00e1 longe do ideal"},"2281932":{"titulo":"F\u00e1bio Matias projeta Atl\u00e9tico-GO brigando pelo t\u00edtulo da S\u00e9rie B","link":"https:\/\/www.futebolinterior.com.br\/fabio-matias-projeta-acesso-no-atletico\/","chapeu":"QUE MARRA!","data":"21\/05\/2025","imagem":"https:\/\/images.futebolinterior.com.br\/2025\/05\/Fabio-Matias-projeta-acesso-no-Atletico-GO-300x205.webp","resumo":"Matias far\u00e1 sua estreia oficial no comando do Atl\u00e9tico-GO na pr\u00f3xima ter\u00e7a-feira (27), fora de casa, contra o Am\u00e9rica-MG"},"2281922":{"titulo":"Allan Aal assume o Botafogo-SP e promete rea\u00e7\u00e3o na S\u00e9rie B","link":"https:\/\/www.futebolinterior.com.br\/allan-aal-assume-o-botafogo-sp\/","chapeu":"CONFIANTE","data":"21\/05\/2025","imagem":"https:\/\/images.futebolinterior.com.br\/2025\/05\/Allan-Aal-promete-recuperacao-do-Botafogo-na-Serie-B-300x169.webp","resumo":"O treinador chega com uma miss\u00e3o clara: tirar o Botafogo da zona de rebaixamento e devolver confian\u00e7a ao elenco"},"2281911":{"titulo":"Novorizontino tenta quebrar tabu contra o Corinthians na Copa do Brasil","link":"https:\/\/www.futebolinterior.com.br\/novorizontino-tenta-quebrar-tabu-contra-o-corinthians\/","chapeu":"SAI, ZICA!","data":"21\/05\/2025","imagem":"https:\/\/images.futebolinterior.com.br\/2025\/05\/Novorizontino-tenta-quebrar-tabu-contra-o-Corinthians-300x189.webp","resumo":"Em 10 confrontos entre as equipes, o Tim\u00e3o venceu sete vezes, contra apenas duas vit\u00f3rias do Novorizontino e um empate"},"2281666":{"titulo":"S\u00e9rie B: Amazonas oficializa rescis\u00e3o de contrato com o atacante Luquinhas","link":"https:\/\/www.futebolinterior.com.br\/amazonas-rescinde-com-luquinhas\/","chapeu":"DE SA\u00cdDA","data":"20\/05\/2025","imagem":"https:\/\/images.futebolinterior.com.br\/2025\/05\/Amazonas-rescinde-contrato-com-o-atacante-Luquinhas-300x179.webp","resumo":"Luquinhas chegou ao Amazonas em dezembro de 2023, ap\u00f3s se destacar na S\u00e9rie C pelo Ypiranga-RS"},"2281637":{"titulo":"Jogador do Cuiab\u00e1 \u00e9 afastado ap\u00f3s briga com companheiros","link":"https:\/\/www.futebolinterior.com.br\/jogador-do-cuiaba-e-afastado-apos-briga-com-companheiros\/","chapeu":"SUSPENSO","data":"20\/05\/2025","imagem":"https:\/\/images.futebolinterior.com.br\/2025\/05\/Screenshot_11-300x217.webp","resumo":"O atacante Pedrinho virou desfalque no Cuiab\u00e1 para a sequ\u00eancia da S\u00e9rie B"},"2281642":{"titulo":"S\u00e9rie B: Am\u00e9rica-MG registra pior in\u00edcio como visitante desde 2006","link":"https:\/\/www.futebolinterior.com.br\/america-mg-registra-pior-inicio-como-visitante\/","chapeu":"QUE FASE!","data":"20\/05\/2025","imagem":"https:\/\/images.futebolinterior.com.br\/2025\/05\/America-MG-tem-pior-inicio-como-visitante-desde-2006-300x201.webp","resumo":"Desde a temporada passada, o Am\u00e9rica n\u00e3o consegue se impor longe de seus dom\u00ednios"},"2281636":{"titulo":"S\u00e9rie B: Meia do CRB reencontra Botafogo-SP ap\u00f3s sa\u00edda conturbada","link":"https:\/\/www.futebolinterior.com.br\/meia-do-crb-reencontra-botafogo-sp\/","chapeu":"LEI DO EX?","data":"20\/05\/2025","imagem":"https:\/\/images.futebolinterior.com.br\/2025\/05\/Baggio-reencontra-Botafogo-SP-na-Serie-B-300x190.webp","resumo":"A sa\u00edda foi selada no dia 8 de abril, quando o CRB acertou sua contrata\u00e7\u00e3o mediante uma compensa\u00e7\u00e3o financeira"}}