{"2282841":{"titulo":"Paysandu contrata Ronaldo Henrique, ex-Sport e Ava\u00ed, como novo refor\u00e7o","link":"https:\/\/www.futebolinterior.com.br\/paysandu-contrata-ronaldo-henrique\/","chapeu":"MERCADO","data":"22\/05\/2025","imagem":"https:\/\/images.futebolinterior.com.br\/2025\/05\/YPYsSka2-Paysandu-3-300x200.webp","resumo":"Ele j\u00e1 est\u00e1 integrado ao elenco e treina na Curuzu desde o come\u00e7o da semana"},"2282776":{"titulo":"S\u00e9rie B: Carl\u00e3o reencontra Mancini e recorda in\u00edcio da carreira","link":"https:\/\/www.futebolinterior.com.br\/carlao-encontra-mancini-jogo-da-serie-b\/","chapeu":"ARTILHEIRO","data":"22\/05\/2025","imagem":"https:\/\/images.futebolinterior.com.br\/2025\/05\/54523317199_341d37b58b_3k-300x200.webp","resumo":"Carl\u00e3o \u00e9 o principal destaque da Ferrovi\u00e1ria, que ocupa a 11\u00aa coloca\u00e7\u00e3o, com 11 pontos. J\u00e1 o Goi\u00e1s, de Vagner Mancini, \u00e9 o l\u00edder da competi\u00e7\u00e3o, com 17 pontos"},"2282600":{"titulo":"Goi\u00e1s x Ferrovi\u00e1ria - Verd\u00e3o busca manter a ponta da S\u00e9rie B","link":"https:\/\/www.futebolinterior.com.br\/goias-x-ferroviaria-serie-b\/","chapeu":"QUEM LEVA?","data":"22\/05\/2025","imagem":"https:\/\/images.futebolinterior.com.br\/2025\/05\/Goias-e-Ferroviaria-se-enfrentam-na-Serie-B-300x200.webp","resumo":"O Goi\u00e1s \u00e9 o l\u00edder da competi\u00e7\u00e3o nacional, mas tem apenas um de vantagem para Vila Nova e Remo, logo atr\u00e1s"},"2282602":{"titulo":"Cuiab\u00e1 reencontra Vila Nova na S\u00e9rie B ap\u00f3s seis anos","link":"https:\/\/www.futebolinterior.com.br\/cuiaba-reencontra-vila-nova-na-serie-b\/","chapeu":"BOM JOGO!","data":"22\/05\/2025","imagem":"https:\/\/images.futebolinterior.com.br\/2025\/05\/Cuiaba-e-Vila-Nova-se-enfrentam-na-Serie-B-300x195.webp","resumo":"O \u00faltimo embate entre os dois clubes na S\u00e9rie B aconteceu em 2019, ano de estreia do Cuiab\u00e1 na divis\u00e3o"},"2282516":{"titulo":"S\u00e9rie B: Ferrovi\u00e1ria enfrenta o Goi\u00e1s com desfalques e aposta em jovens promessas","link":"https:\/\/www.futebolinterior.com.br\/ferroviaria-enfrenta-o-goias-com-desfalques\/","chapeu":"BAIXAS","data":"22\/05\/2025","imagem":"https:\/\/images.futebolinterior.com.br\/2025\/05\/Ferroviaria-tera-desfalques-para-encarar-o-Goias-300x200.webp","resumo":"De olho no G4, a Ferrovi\u00e1ria busca somar pontos fora de casa e ganhar f\u00f4lego na briga pelas primeiras posi\u00e7\u00f5es"},"2282449":{"titulo":"Goi\u00e1s ter\u00e1 apenas uma mudan\u00e7a no time para o jogo contra a Ferrovi\u00e1ria","link":"https:\/\/www.futebolinterior.com.br\/goias-tera-1-mudanca-contra-ferroviaria\/","chapeu":"RETORNO!","data":"22\/05\/2025","imagem":"https:\/\/images.futebolinterior.com.br\/2025\/05\/Captura-de-tela-2025-05-22-090237-300x202.webp","resumo":"Fora no \u00faltimo jogo, o volante do Goi\u00e1s, Marc\u00e3o volta a ficar dispon\u00edvel e ser\u00e1 titular no lugar de Gonzalo Freitas em partida contra a Ferrovi\u00e1ria."},"2282435":{"titulo":"Ava\u00ed n\u00e3o ter\u00e1 nenhum lateral-esquerdo para o jogo contra a Chape","link":"https:\/\/www.futebolinterior.com.br\/avai-te-desfalque-lateral-serie-b\/","chapeu":"PROBLEMAS ","data":"22\/05\/2025","imagem":"https:\/\/images.futebolinterior.com.br\/2025\/05\/Captura-de-tela-2025-05-22-084032-281x300.webp","resumo":"Os laterais-esquerdos do Ava\u00ed, M\u00e1rio S\u00e9rgio e Quaresma, foram baixas nos treinos desta semana e est\u00e3o fora da partida do Le\u00e3o da Ilha diante da Chapecoense"},"2282420":{"titulo":"S\u00e9rie B: Amazonas oficializa contrata\u00e7\u00e3o de meia argentino","link":"https:\/\/www.futebolinterior.com.br\/amazonas-acerta-contratacao-deargentino\/","chapeu":"BIDOU!","data":"22\/05\/2025","imagem":"https:\/\/images.futebolinterior.com.br\/2025\/05\/Captura-de-tela-2025-05-22-081833-300x198.webp","resumo":"Na tarde desta quarta-feira (21), o Amazonas anunciou a contrata\u00e7\u00e3o do meia-atacante Joaqu\u00edn Torres, argentino de 28 anos."},"2282431":{"titulo":"Novorizontino anuncia venda de ingressos para jogo da S\u00e9rie B","link":"https:\/\/www.futebolinterior.com.br\/novorizontino-venda-ingressos-serie-b\/","chapeu":"DISPON\u00cdVEL ","data":"22\/05\/2025","imagem":"https:\/\/images.futebolinterior.com.br\/2025\/05\/WhatsApp-Image-2025-05-20-at-17.15.14-300x169.webp","resumo":"Os ingressos para a partida est\u00e3o \u00e0 venda online, pelo site da Total Ticket, e presencialmente na Loja Sport Billy, a partir desta quarta-feira (21)"},"2282067":{"titulo":"Crici\u00fama tem d\u00favidas para decis\u00e3o na Copa do Brasil com o Bragantino","link":"https:\/\/www.futebolinterior.com.br\/criciuma-tem-duvidas-contra-o-bragantino\/","chapeu":"VAI MUDAR","data":"21\/05\/2025","imagem":"https:\/\/images.futebolinterior.com.br\/2025\/05\/Criciuma-tem-duvidas-para-encarar-o-Bragantino-300x169.webp","resumo":"Apesar da boa vantagem, o t\u00e9cnico Eduardo Baptista enfrenta um quebra-cabe\u00e7a no setor ofensivo do Crici\u00fama"}}