{"2285319":{"titulo":"Volante do Cuiab\u00e1 planeja boa sequ\u00eancia e mira G4 na S\u00e9rie B","link":"https:\/\/www.futebolinterior.com.br\/volante-cuiaba-planeja-jogo-serie-b\/","chapeu":"PREPARA\u00c7\u00c3O","data":"28\/05\/2025","imagem":"https:\/\/images.futebolinterior.com.br\/2025\/05\/6UNAvyfa-image-138-300x224.webp","resumo":"O volante falou sobre as metas da equipe e tamb\u00e9m sobre o pr\u00f3ximo advers\u00e1rio. O Cuiab\u00e1 enfrenta o Athletic dia 31\/05 em Belo Horizonte \u00e0s 20h30"},"2285010":{"titulo":"PLACAR FI: VIDA ou MORTE nos CONTINENTAIS! Confira RESULTADOS de TER\u00c7A-FEIRA","link":"https:\/\/www.futebolinterior.com.br\/placar-fi-27-05-25\/","chapeu":"PLACAR FI","data":"27\/05\/2025","imagem":"https:\/\/images.futebolinterior.com.br\/2025\/05\/pCMUws3L-SP-1-300x200.webp","resumo":"O Portal Futebol Interior traz o PLACAR FI com todos os resultados desta ter\u00e7a-feira (27)"},"2284422":{"titulo":"Com 10 times, confira a Sele\u00e7\u00e3o FI da 9\u00aa rodada da S\u00e9rie B","link":"https:\/\/www.futebolinterior.com.br\/selecao-fi-da-9a-rodada-da-serie-b\/","chapeu":"MONTADA","data":"27\/05\/2025","imagem":"https:\/\/images.futebolinterior.com.br\/2025\/05\/Confira-a-selecao-FI-da-9a-rodada-da-Serie-B-300x172.webp","resumo":"A Sele\u00e7\u00e3o FI da nona rodada da S\u00e9rie B chega escalada no sistema 4-3-3"},"2285030":{"titulo":"Am\u00e9rica-MG 2 x 1 Atl\u00e9tico-GO - Coelho volta a vencer na S\u00e9rie B","link":"https:\/\/www.futebolinterior.com.br\/america-mg-2-x-1-atletico-go\/","chapeu":"A\u00cd SIM ","data":"27\/05\/2025","imagem":"https:\/\/images.futebolinterior.com.br\/2025\/05\/54550474549_65dc87238b_c-300x200.webp","resumo":"Am\u00e9rica-MG bate Atl\u00e9tico-GO e volta a vencer na S\u00e9rie B"},"2285023":{"titulo":"CRB ter\u00e1 dois desfalques para o jogo contra o Remo","link":"https:\/\/www.futebolinterior.com.br\/crb-tera-dois-desfalques-contra-o-remo\/","chapeu":"FORA!","data":"27\/05\/2025","imagem":"https:\/\/images.futebolinterior.com.br\/2025\/05\/baggio10.avif","resumo":" O atacante Douglas Baggio e o volante Higor Merit\u00e3o ser\u00e3o desfalques no jogo de domingo contra o Remo."},"2285017":{"titulo":"Amazonas contrata mais um gringo para a disputa da S\u00e9rie B","link":"https:\/\/www.futebolinterior.com.br\/amazonas-gringo-para-a-disputa-serie-b\/","chapeu":"D\u00c9CIMO!","data":"27\/05\/2025","imagem":"https:\/\/images.futebolinterior.com.br\/2025\/05\/dias-vagner-fcmetz-sc-amiens-ligue2-jb-5-edited-768x432-1-300x169.webp","resumo":"O atacante africano V\u00e1gner Dias, \u00e9 o novo refor\u00e7o do Amazonas para a S\u00e9rie B. O jogador da sele\u00e7\u00e3o de Cabo Verde \u00e9 o 10\u00ba estrangeiro do clube, sendo o segundo africano."},"2284847":{"titulo":"Zagueiro do CRB admite erros em derrota na S\u00e9rie B: \"N\u00e3o entramos ligados\"","link":"https:\/\/www.futebolinterior.com.br\/zagueiro-crb-admite-erros-derrota\/","chapeu":"DESATENTO","data":"27\/05\/2025","imagem":"https:\/\/images.futebolinterior.com.br\/2025\/05\/segovia-admite-atuacao-ruim-crb-300x233.webp","resumo":"CRB deixa zona do rebaixamento por ser superado fora de casa, mostrando falhas no setor defensivo em duelo de opostos"},"2284954":{"titulo":"Lateral do Amazonas exalta boa atua\u00e7\u00e3o ap\u00f3s vit\u00f3ria e confia em novo g\u00e1s na S\u00e9rie B","link":"https:\/\/www.futebolinterior.com.br\/lateral-amazonas-fala-sobre-serie-b\/","chapeu":"FOCO TOTAL","data":"27\/05\/2025","imagem":"https:\/\/images.futebolinterior.com.br\/2025\/05\/0xmy23lQ-image-138-300x212.webp","resumo":"Emprestado pelo Fluminense, onde fez toda a base, Rafael Monteiro comemorou a sequ\u00eancia como titular e a boa atua\u00e7\u00e3o vestindo a camisa do clube"},"2284926":{"titulo":"Guto Ferreira exalta desempenho do Cuiab\u00e1: \"Isso d\u00e1 confian\u00e7a para o grupo\"","link":"https:\/\/www.futebolinterior.com.br\/gutoferreira-exalta-desempenho-docuiaba\/","chapeu":"SATISFEITO!","data":"27\/05\/2025","imagem":"https:\/\/images.futebolinterior.com.br\/2025\/05\/54546917167-8906ca45f0-b.avif","resumo":"Na noite desta segunda-feira (26), o Cuiab\u00e1 venceu em casa o Vila Nova pelo placar de 1 a 0. "},"2284818":{"titulo":"S\u00e9rie B: Leandro Maciel celebra vit\u00f3ria do Botafogo-SP e destaca al\u00edvio deixar Z4","link":"https:\/\/www.futebolinterior.com.br\/meia-celebra-vitoria-do-botafogo\/","chapeu":"UFA!","data":"27\/05\/2025","imagem":"https:\/\/images.futebolinterior.com.br\/2025\/05\/Meia-do-Botafogo-SP-valoriza-vitoria-na-Serie-B-300x185.webp","resumo":"Ap\u00f3s conquistar os tr\u00eas pontos diante do CRB, o Botafogo-SP j\u00e1 volta a campo nesta quinta-feira (29), \u00e0s 21h35, para enfrentar a Ferrovi\u00e1ria"}}