{"2285645":{"titulo":"Crici\u00fama tem interesse na contrata\u00e7\u00e3o do volante L\u00e9o Naldi","link":"https:\/\/www.futebolinterior.com.br\/criciuma-contratacao-volante-leo-naldi\/","chapeu":"SONDAGEM!","data":"28\/05\/2025","imagem":"https:\/\/images.futebolinterior.com.br\/2025\/05\/Captura-de-tela-2025-05-28-174558-300x288.webp","resumo":" O Crici\u00fama demonstrou interesse na contrata\u00e7\u00e3o do volante L\u00e9o Naldi, que pertence ao Vit\u00f3ria e est\u00e1 emprestado ao Atl\u00e9tico-GO"},"2285641":{"titulo":"Ynai\u00e3, do Volta Redonda, celebra 150 jogos no futebol profissional","link":"https:\/\/www.futebolinterior.com.br\/ynaia-do-volta-redonda-celebra-150-jogos-no-futebol-profissional\/","chapeu":"150","data":"28\/05\/2025","imagem":"https:\/\/images.futebolinterior.com.br\/2025\/05\/Screenshot_9-300x200.webp","resumo":"O empate em 1 a 1 com o Remo, no \u00faltimo s\u00e1bado (24), marcou o 150\u00ba jogo do lateral-direito Ynai\u00e3 no futebol profissional"},"2285564":{"titulo":"Vila Nova ter\u00e1 tr\u00eas desfalques para a partida contra o Novorizontino","link":"https:\/\/www.futebolinterior.com.br\/vila-nova-tres-desfalques-novorizontino\/","chapeu":"FORA!","data":"28\/05\/2025","imagem":"https:\/\/images.futebolinterior.com.br\/2025\/05\/54492764892-08644f2abc-k.avif","resumo":"Em busca de reabilita\u00e7\u00e3o na S\u00e9rie B, o Vila Nova n\u00e3o poder\u00e1 contar com tr\u00eas jogadores para o jogo contra o Novorizontino. S\u00e3o eles: Diego Torres, Tiago Pagnussat, e Arlison."},"2285548":{"titulo":"Vila Nova rescinde contrato com panamenho Eric Davis","link":"https:\/\/www.futebolinterior.com.br\/vila-nova-rescinde-contrato-com-panamenho-eric-davis\/","chapeu":"DE SA\u00cdDA!","data":"28\/05\/2025","imagem":"https:\/\/images.futebolinterior.com.br\/2025\/05\/vila2.avif","resumo":"Na tarde desta ter\u00e7a-feira (27), o Vila Nova anunciou em suas redes sociais a rescis\u00e3o de contrato com o lateral-direito Eric Davis. O panamenho sequer atuou com a camisa do Tigre no ano de 2025."},"2285540":{"titulo":"Paysandu voltar\u00e1 a jogar na Curuzu depois de dois meses","link":"https:\/\/www.futebolinterior.com.br\/paysandu-joga-na-curuzu-apos-dois-meses\/","chapeu":"DE VOLTA!","data":"28\/05\/2025","imagem":"https:\/\/images.futebolinterior.com.br\/2025\/05\/1695101540-300x200.webp","resumo":"O Paysandu finalmente est\u00e1 de volta \u00e0 sua casa. Na pr\u00f3xima ter\u00e7a-feira (02), o Pap\u00e3o voltar\u00e1 a jogar na Curuzu depois de dois meses, contra o Crici\u00fama."},"2285537":{"titulo":"Crici\u00fama tem interesse na contrata\u00e7\u00e3o de Nicolas, do Paysandu","link":"https:\/\/www.futebolinterior.com.br\/criciuma-contratacao-nicolas-paysandu\/","chapeu":"RETORNO?","data":"28\/05\/2025","imagem":"https:\/\/images.futebolinterior.com.br\/2025\/05\/img-14-300x200.webp","resumo":"O Crici\u00fama tem interesse na contrata\u00e7\u00e3o do centroavante Nicolas, que est\u00e1 disputando a S\u00e9rie B pelo Paysandu."},"2285487":{"titulo":"Amazonas ter\u00e1 duas novidades para partida contra a Chapecoense","link":"https:\/\/www.futebolinterior.com.br\/amazonas-2novidades-partida-chapecoense\/","chapeu":"MUDAN\u00c7AS!","data":"28\/05\/2025","imagem":"https:\/\/images.futebolinterior.com.br\/2025\/05\/whatsapp-image-2025-03-03-at-16.34.24.avif","resumo":"O Amazonas n\u00e3o poder\u00e1 contar com o volante Larry V\u00e1squez para a partida contra a Chapecoense. Por\u00e9m, Luan Silva est\u00e1 de volta."},"2285421":{"titulo":"Coritiba n\u00e3o ter\u00e1 Josu\u00e9 para partida contra o Ava\u00ed","link":"https:\/\/www.futebolinterior.com.br\/coritiba-nao-tera-josue-contra-o-avai\/","chapeu":"DESFALQUE!","data":"28\/05\/2025","imagem":"https:\/\/images.futebolinterior.com.br\/2025\/05\/josue.avif","resumo":"Josu\u00e9 recebeu o terceiro cart\u00e3o amarelo na vit\u00f3ria do Coritiba sobre o Crici\u00fama, e ter\u00e1 que cumprir suspens\u00e3o autom\u00e1tica contra o Ava\u00ed."},"2285404":{"titulo":"Remo tem interesse na contrata\u00e7\u00e3o de atacante ex-Paysandu","link":"https:\/\/www.futebolinterior.com.br\/remo-contratacao-atacante-ex-paysandu\/","chapeu":"RIVAL?","data":"28\/05\/2025","imagem":"https:\/\/images.futebolinterior.com.br\/2025\/05\/53917618424-7a06317e9c-k.avif","resumo":"O Remo est\u00e1 negociando a contrata\u00e7\u00e3o do atacante Paulinho B\u00f3ia, que est\u00e1 livre no mercado ap\u00f3s passagem pelo Nacional, de Portugal."},"2285370":{"titulo":"Coritiba encaminha a contrata\u00e7\u00e3o de dois atacantes do Mirassol","link":"https:\/\/www.futebolinterior.com.br\/coritiba-contratacao-2atacantesmirassol\/","chapeu":"REFOR\u00c7OS!","data":"28\/05\/2025","imagem":"https:\/\/images.futebolinterior.com.br\/2025\/05\/img-9355.avif","resumo":"O Coritiba encaminhou a contrata\u00e7\u00e3o de dois atacantes da equipe do Mirassol. S\u00e3o eles: Iury Castilho e Clayson."}}