{"2446638":{"titulo":"Athletico 2 x 0 Coritiba - Fim do tabu no reencontro na elite","link":"https:\/\/www.futebolinterior.com.br\/athletico-2-x-0-coritiba-fim-do-tabu-no-reencontro-na-elite\/","chapeu":"FIM DO JEJUM","data":"22\/03\/2026","imagem":"https:\/\/images.futebolinterior.com.br\/2026\/03\/Screenshot_20-300x193.webp","resumo":"O Athletico venceu o Coritiba por 2 a 0 na Arena da Baixada, quebrando um jejum de vit\u00f3rias em cl\u00e1ssicos. Confira os gols de Dudu e Viveros e a classifica\u00e7\u00e3o."},"2446639":{"titulo":"Vasco 2 x 1 Gr\u00eamio - Cruzmaltino de Renato de Ga\u00facho faz nova v\u00edtima","link":"https:\/\/www.futebolinterior.com.br\/vasco-2-x-1-gremio-cruzmaltino-de-renato-de-gaucho-faz-nova-vitima\/","chapeu":"EMBALADO","data":"22\/03\/2026","imagem":"https:\/\/images.futebolinterior.com.br\/2026\/03\/Screenshot_19-300x204.webp","resumo":"Com gols de Thiago Mendes e David, Vasco de Renato Ga\u00facho vence o Gr\u00eamio por 2 a 1 e mant\u00e9m invencibilidade sob novo comando. Veja os detalhes da partida."},"2446650":{"titulo":"Remo 4 x 1 Bahia - Virada e fim de jejum de 32 anos","link":"https:\/\/www.futebolinterior.com.br\/remo-4-a-1-bahia-virada-e-fim-de-jejum\/","chapeu":"GOLEADA","data":"22\/03\/2026","imagem":"https:\/\/images.futebolinterior.com.br\/2026\/03\/remo-vitor-bueno-2-Samara-Miranda-CR-300x201.webp","resumo":"O resultado foi importante, por\u00e9m, insuficiente para livrar o Remo do rebaixamento. Com seis pontos, ocupando a 18\u00aa posi\u00e7\u00e3o."},"2446649":{"titulo":"Cruzeiro 0 x 0 Santos - Empate ruim para os dois no Brasileir\u00e3o","link":"https:\/\/www.futebolinterior.com.br\/santos-empata-cruzeiro-brasileirao\/","chapeu":"TUDO IGUAL","data":"22\/03\/2026","imagem":"https:\/\/images.futebolinterior.com.br\/2026\/03\/uH0C1Zox-image-300x182.webp","resumo":"O confronto foi disputado no Est\u00e1dio Mineir\u00e3o, em Belo Horizonte, e terminou em 0 a 0, em um jogo marcado pelo equil\u00edbrio e poucas chances claras de gol"},"2446620":{"titulo":"Vila Nova confirma chegada de Guto Ferreira para S\u00e9rie B","link":"https:\/\/www.futebolinterior.com.br\/vila-nova-confirma-chegada-de-guto-ferreira-para-serie-b\/","chapeu":"NOVO COMANDO","data":"22\/03\/2026","imagem":"https:\/\/images.futebolinterior.com.br\/2026\/03\/Screenshot_875-300x221.webp","resumo":"Com 60 anos, Guto Ferreira estava sem clubes desde que deixou o Remo, onde conquistou o acesso na S\u00e9rie B em 2025. "},"2446611":{"titulo":"Torcida do S\u00e3o Paulo picha muro ap\u00f3s derrota para o Palmeiras: \"Elenco de c...\"","link":"https:\/\/www.futebolinterior.com.br\/torcida-do-sao-paulo-picha-muro-apos-derrota-no-morumbis-elenco-de-c\/","chapeu":"PROTESTOS","data":"22\/03\/2026","imagem":"https:\/\/images.futebolinterior.com.br\/2026\/03\/Screenshot_873-300x171.webp","resumo":"Derrota para o Palmeiras no Morumbis acirra clima tenso no S\u00e3o Paulo"},"2446607":{"titulo":"Ap\u00f3s vit\u00f3ria no Brasileiro, Botafogo demite treinador: \"n\u00e3o vimos evolu\u00e7\u00e3o\"","link":"https:\/\/www.futebolinterior.com.br\/apos-vitoria-no-brasileiro-botafogo-demite-treinador-nao-vimos-evolucao\/","chapeu":"QUEDA","data":"22\/03\/2026","imagem":"https:\/\/images.futebolinterior.com.br\/2026\/03\/Screenshot_871-300x211.webp","resumo":""},"2446590":{"titulo":"Athletico corta atacante do Athletiba ap\u00f3s ocorr\u00eancia policial","link":"https:\/\/www.futebolinterior.com.br\/athletico-corta-atacante-do-athletiba-apos-ocorrencia-policial\/","chapeu":"FORA","data":"22\/03\/2026","imagem":"https:\/\/images.futebolinterior.com.br\/2026\/03\/Screenshot_867-300x190.webp","resumo":"A situa\u00e7\u00e3o teve in\u00edcio quando Bruninho foi abordado por policiais militares dirigindo sem habilita\u00e7\u00e3o em um bairro de Curitiba."},"2446538":{"titulo":"Marlon, do Gr\u00eamio, recebe alta ap\u00f3s cirurgia no tornozelo","link":"https:\/\/www.futebolinterior.com.br\/marlon-do-gremio-recebe-alta-apos-cirurgia-no-tornozelo\/","chapeu":"MELHORAS","data":"22\/03\/2026","imagem":"https:\/\/images.futebolinterior.com.br\/2026\/03\/TI7MNC7Q-Screenshot_833-300x188.webp","resumo":"O jogador sofreu uma fratura no mal\u00e9olo fibular na \u00faltima quinta-feira"},"2446539":{"titulo":"Calleri minimiza jejum do S\u00e3o Paulo e ironiza jogo do Palmeiras: 'sempre jogam igual'","link":"https:\/\/www.futebolinterior.com.br\/calleri-minimiza-jejum-do-sao-paulo-e-ironiza-jogo-do-palmeiras-sempre-jogam-igual\/","chapeu":"OPINI\u00c3O","data":"22\/03\/2026","imagem":"https:\/\/images.futebolinterior.com.br\/2026\/03\/Screenshot_864-300x166.webp","resumo":"O rev\u00e9s no Choque-Rei estende um inc\u00f4modo jejum do clube tricolor, que agora n\u00e3o bate o rival h\u00e1 12 jogos."}}