{"2458909":{"titulo":"Vitor Roque treina no campo e tem retorno mais pr\u00f3ximo","link":"https:\/\/www.futebolinterior.com.br\/vitor-roque-treina-no-campo-e-tem-retorno-mais-proximo\/","chapeu":"REFOR\u00c7OS","data":"13\/04\/2026","imagem":"https:\/\/images.futebolinterior.com.br\/2026\/04\/Paulinho-VitorRqoue-Palmeiras-Libertadores-300x183.webp","resumo":"O Tigrinho est\u00e1 fora de combate desde o dia 21 de mar\u00e7o, por causa de uma les\u00e3o no tornozelo"},"2458852":{"titulo":"S\u00e3o Paulo lan\u00e7a uniforme II para a disputa da temporada 2026","link":"https:\/\/www.futebolinterior.com.br\/sao-paulo-uniforme-ii-da-temporada-2026\/","chapeu":"NOVIDADE","data":"13\/04\/2026","imagem":"https:\/\/images.futebolinterior.com.br\/2026\/04\/oBBKEZo7-image-300x167.webp","resumo":"O novo uniforme j\u00e1 tem data para estrear em campo. O S\u00e3o Paulo ir\u00e1 utilizar a camisa II nesta ter\u00e7a-feira, 14, no duelo contra o O'Higgins, pela Copa Sul-Americana, no MorumBIS"},"2458804":{"titulo":"Exame aponta ferimento no pesco\u00e7o de Luighi, do Palmeiras","link":"https:\/\/www.futebolinterior.com.br\/exame-aponta-ferimento-pescoco-luighi-palmeiras\/","chapeu":"CONFIRMADO","data":"13\/04\/2026","imagem":"https:\/\/images.futebolinterior.com.br\/2026\/04\/Exame-aponta-lesao-em-pescoco-de-Luighi-300x179.webp","resumo":"Luighi e Palmeiras se recusaram e registraram a agress\u00e3o junto \u00e0 autoridade policial"},"2458780":{"titulo":"Entenda como gestos obscenos escancaram crise disciplinar do Corinthians","link":"https:\/\/www.futebolinterior.com.br\/entenda-como-gestos-obscenos-escancaram-crise-disciplinar-do-corinthians\/","chapeu":"DETALHES","data":"13\/04\/2026","imagem":"https:\/\/images.futebolinterior.com.br\/2026\/03\/ANDRE-CORINTHIANS-300x139.webp","resumo":"Fernando Diniz comentou sobre as expuls\u00f5es recentes do Corinthians e destacou a import\u00e2ncia do trabalho psicol\u00f3gico no futebol"},"2458807":{"titulo":"Com dois a menos em campo, Gustavo Henrique \u00e9 destaque na defesa do Corinthians","link":"https:\/\/www.futebolinterior.com.br\/gustavo-henrique-destaque-corinthians-6\/","chapeu":"CRAQUE","data":"13\/04\/2026","imagem":"https:\/\/images.futebolinterior.com.br\/2026\/04\/foO3hUzz-image-300x182.webp","resumo":"A partida, v\u00e1lida pelo Campeonato Brasileiro S\u00e9rie A, terminou empatada por 0 a 0, em um confronto marcado por forte disputa e poucas oportunidades claras de gol"},"2458764":{"titulo":"Jornal espanhol p\u00f5e Pedro entre alternativas de Ancelotti na Copa do Mundo","link":"https:\/\/www.futebolinterior.com.br\/jornal-poe-pedro-alternativas-ancelotti-copa-do-mundo\/","chapeu":"NO RADAR?","data":"13\/04\/2026","imagem":"https:\/\/images.futebolinterior.com.br\/2026\/04\/Jornal-coloca-pedro-no-radar-de-Ancelotti-300x166.webp","resumo":"Em 2022, Pedro participou da Copa do Mundo do Catar sob o comando do t\u00e9cnico Tite e entrou em campo em duas partidas"},"2458763":{"titulo":"Palmeiras repudia racismo contra Carlos Miguel no D\u00e9rbi","link":"https:\/\/www.futebolinterior.com.br\/palmeiras-repudia-racismo-carlos-miguel\/","chapeu":"NOTA OFICIAL","data":"13\/04\/2026","imagem":"https:\/\/images.futebolinterior.com.br\/2026\/04\/palmeiras-repudia-racismo-contra-carlos-miguel-300x168.webp","resumo":"O cl\u00e1ssico entre Corinthians e Palmeiras foi marcado por cenas lament\u00e1veis dentro e fora de campo"},"2458760":{"titulo":"S\u00e3o Paulo e Mirassol perdem, mas Santos engole o Atl\u00e9tico-MG","link":"https:\/\/www.futebolinterior.com.br\/sao-paulo-e-mirassol-perdem-mas-santos-engole-o-atletico-mg\/","chapeu":"OPINI\u00c3O","data":"13\/04\/2026","imagem":"https:\/\/images.futebolinterior.com.br\/2026\/04\/sao-paulo_vitoria-300x213.webp","resumo":""},"2458664":{"titulo":"Corinthians tenta acordo e Palmeiras mant\u00e9m queixa na Pol\u00edcia","link":"https:\/\/www.futebolinterior.com.br\/corinthians-quer-acordo-palmeiras-queixa\/","chapeu":"BRIGUENTOS","data":"12\/04\/2026","imagem":"https:\/\/images.futebolinterior.com.br\/2026\/04\/Corinthians-briga-tunel-300x199.webp","resumo":"Corinthians tenta acordo, mas Palmeiras mant\u00e9m queixa na Pol\u00edcia, que busca 'briguentos' ap\u00f3s o Derby na Neo Qu\u00edmica Arena"},"2458638":{"titulo":"Diniz elogia elenco do Corinthians no cl\u00e1ssico: \"Foi heroico\"","link":"https:\/\/www.futebolinterior.com.br\/diniz-elogia-elenco-corinthians\/","chapeu":"APROVOU","data":"12\/04\/2026","imagem":"https:\/\/images.futebolinterior.com.br\/2026\/04\/Diniz-elogia-corinthians-derbi-300x166.webp","resumo":"Diniz tamb\u00e9m comentou a situa\u00e7\u00e3o do meia Memphis Depay, que ainda n\u00e3o reuniu condi\u00e7\u00f5es f\u00edsicas para atuar"}}