{"2459117":{"titulo":"Gabriel Bontempo renova com o Santos at\u00e9 o fim de 2030: 'Espero retribuir'","link":"https:\/\/www.futebolinterior.com.br\/gabriel-bontempo-santos\/","chapeu":"NOVIDADE","data":"13\/04\/2026","imagem":"https:\/\/images.futebolinterior.com.br\/2026\/04\/55118554959_845399b589_k-300x200.webp","resumo":"Para muitos torcedores do Santos, o talentoso e multifuncional meio-campista Gabriel Bontempo tem de ser titular da equipe"},"2458965":{"titulo":"Justi\u00e7a suspende vota\u00e7\u00e3o do estatuto do Corinthians","link":"https:\/\/www.futebolinterior.com.br\/justica-votacao-estatuto-corinthians\/","chapeu":"CONFUS\u00c3O","data":"13\/04\/2026","imagem":"https:\/\/images.futebolinterior.com.br\/2026\/04\/votacao-estatuto-corinthians-suspensa-justica-300x169.webp","resumo":"Conflitos internos e diretos envolvendo presidentes do Executivo e do Conselho do Corinthians adiam a data do pleito"},"2459107":{"titulo":"Corinthians age para recuperar Depay ap\u00f3s insatisfa\u00e7\u00e3o do atacante","link":"https:\/\/www.futebolinterior.com.br\/corinthians-acelera-recuperacao-memphis-depay-lesao\/","chapeu":"RECUPERA\u00c7\u00c3O","data":"13\/04\/2026","imagem":"https:\/\/images.futebolinterior.com.br\/2026\/04\/Memphis-Corinthians-Brasileirao-2026-300x166.webp","resumo":"Corinthians refor\u00e7a equipe m\u00e9dica com Fermin Valera para acelerar recupera\u00e7\u00e3o de Memphis Depay. Atacante holand\u00eas busca retorno ap\u00f3s les\u00e3o no Brasileir\u00e3o.\n"},"2459073":{"titulo":"Corinthians contrata ex-goleiro J\u00falio C\u00e9sar como novo gerente de futebol","link":"https:\/\/www.futebolinterior.com.br\/corinthians-contrata-ex-goleiro\/","chapeu":"NOVIDADE","data":"13\/04\/2026","imagem":"https:\/\/images.futebolinterior.com.br\/2026\/04\/177610607203793ef7d06ffd63d34ade9d091f1ced-300x200.webp","resumo":"Ex-goleiro inicia uma nova etapa na carreira, agora fora das quatro linhas, integrando a estrutura de gest\u00e3o no CT Joaquim Grava"},"2459056":{"titulo":"Neymar abre cole\u00e7\u00e3o hist\u00f3rica e revive mem\u00f3rias da carreira","link":"https:\/\/www.futebolinterior.com.br\/neymar-estreia-santos-momentos-marcantes-carreira\/","chapeu":"RECORDA\u00c7\u00d5ES","data":"13\/04\/2026","imagem":"https:\/\/images.futebolinterior.com.br\/2026\/04\/Neymar-Santos-2026-Brasileirao-300x142.webp","resumo":"Neymar revisita seu acervo pessoal e compartilha hist\u00f3rias da carreira, desde o Santos at\u00e9 a sele\u00e7\u00e3o brasileira. Emo\u00e7\u00f5es e desafios do craque em destaque.\n"},"2459054":{"titulo":"Flamengo deve aplicar nova puni\u00e7\u00e3o a Carrascal ap\u00f3s expuls\u00e3o","link":"https:\/\/www.futebolinterior.com.br\/carrascal-expulso-desfalca-flamengo-contra-bahia-no-brasileirao\/","chapeu":"EXPULS\u00c3O","data":"13\/04\/2026","imagem":"https:\/\/images.futebolinterior.com.br\/2026\/04\/Carrascal-2026-Brasileirao-300x159.webp","resumo":"Carrascal \u00e9 expulso novamente, desfalca Flamengo contra o Bahia e pode enfrentar nova puni\u00e7\u00e3o no STJD.\n"},"2459057":{"titulo":"Corinthians pode ganhar refor\u00e7o com evolu\u00e7\u00e3o de Kaio C\u00e9sar","link":"https:\/\/www.futebolinterior.com.br\/kaio-cesar-avanca-recuperacao-anima-corinthians-libertadores\/","chapeu":"RECUPERADO","data":"13\/04\/2026","imagem":"https:\/\/images.futebolinterior.com.br\/2026\/04\/Corinthians-2026-Brasileirao-RodrigoCoca-300x163.webp","resumo":"Kaio C\u00e9sar inicia transi\u00e7\u00e3o para o campo ap\u00f3s les\u00e3o e anima o Corinthians. Pr\u00f3ximo desafio \u00e9 contra o Independiente Santa F\u00e9 na Libertadores.\n"},"2459034":{"titulo":"Botafogo admite conversas com novos investidores ap\u00f3s frustra\u00e7\u00e3o com Textor","link":"https:\/\/www.futebolinterior.com.br\/botafogo-admite-conversas-com-novos-investidores-apos-frustracao-com-textor\/","chapeu":"DEU RUIM","data":"13\/04\/2026","imagem":"https:\/\/images.futebolinterior.com.br\/2026\/04\/Textor-VitorSilva-2026--300x169.webp","resumo":"O Glorioso revelou que deve recusar apostes financeiros do norte-americano ap\u00f3s se frustrar com recente falta de compromisso"},"2459001":{"titulo":"Pipa, pel\u00facia e confus\u00f5es: a s\u00famula de Corinthians e Palmeiras","link":"https:\/\/www.futebolinterior.com.br\/a-sumula-de-corinthians-x-palmeiras\/","chapeu":"LOUCURA","data":"13\/04\/2026","imagem":"https:\/\/images.futebolinterior.com.br\/2026\/04\/AofQ0U4C-image-300x164.webp","resumo":"A arbitragem relatou que uma pipa e um drone com um porco de pel\u00facia interromperam a partida em dois momentos. As imagens da transmiss\u00e3o da partida mostraram que o brinquedo carregava uma bandeira com a frase \"51 \u00e9 pinga\""},"2458980":{"titulo":"Corinthians identifica aus\u00eancia de R$ 294 mil ao analisar contas","link":"https:\/\/www.futebolinterior.com.br\/corinthians-identifica-ausencia-de-r-294-mil-ao-analisar-contas\/","chapeu":"EITA","data":"13\/04\/2026","imagem":"https:\/\/images.futebolinterior.com.br\/2025\/08\/Osmar-Stabilie-e-eleito-presidente-do-Corinthians-300x168.webp","resumo":"Corinthians informa em nota oficial que \"medidas judiciais e administrativas cab\u00edveis\" ser\u00e3o adotadas para apurar os fatos"}}