{"2380960":{"titulo":"Neto culpa Neymar pelo desempenho do Santos: \"Viu como o Santos \u00e9 diferente sem ele?\"","link":"https:\/\/www.futebolinterior.com.br\/neto-critica-neymar-santos-derrota-flamengo-brasileirao-2025\/","chapeu":"NO ALVO","data":"10\/11\/2025","imagem":"https:\/\/images.futebolinterior.com.br\/2025\/11\/Neto-Santos-300x162.webp","resumo":"Neto detonou Neymar ap\u00f3s atua\u00e7\u00e3o apagada na derrota do Santos por 3 a 2 para o Flamengo no Brasileir\u00e3o."},"2380961":{"titulo":"Mirassol derrota o Palmeiras e Guanaes destaca energia \"especial\" da torcida","link":"https:\/\/www.futebolinterior.com.br\/mirassol-centenario-vitoria-palmeiras-brasileirao-2025-rodada-33\/","chapeu":"FESTA TOTAL","data":"10\/11\/2025","imagem":"https:\/\/images.futebolinterior.com.br\/2025\/11\/Guanaes-Mirassol-2025-300x198.webp","resumo":"Mirassol faz hist\u00f3ria ao bater o Palmeiras por 2 a 1 em casa e comemora o centen\u00e1rio com vit\u00f3ria marcante no Brasileir\u00e3o"},"2380893":{"titulo":"Santos: Vojvoda comenta sobre irrita\u00e7\u00e3o de Neymar ao ser substitu\u00eddo","link":"https:\/\/www.futebolinterior.com.br\/neymar-reclama-saida-santos-flamengo-brasileirao-2025-maracana\/","chapeu":"IRRITADO","data":"10\/11\/2025","imagem":"https:\/\/images.futebolinterior.com.br\/2025\/11\/Vokvoda-2025-300x175.webp","resumo":"Neymar demonstra insatisfa\u00e7\u00e3o ao ser substitu\u00eddo em derrota do Santos por 3 a 2 para o Flamengo no Brasileir\u00e3o 2025."},"2380892":{"titulo":"S\u00e3o Paulo precisa de arrancada final para sonhar com a Libertadores","link":"https:\/\/www.futebolinterior.com.br\/sao-paulo-aproveitamento-libertadores-brasileirao-vagas-classificacao-2025\/","chapeu":"MISS\u00c3O DURA","data":"10\/11\/2025","imagem":"https:\/\/images.futebolinterior.com.br\/2025\/11\/SaoPaulo-2025-300x185.webp","resumo":"Tricolor precisa somar at\u00e9 13 pontos nas cinco rodadas finais do Brasileir\u00e3o para garantir vaga."},"2380891":{"titulo":"Santos tem Neymar de volta e provoca\u00e7\u00f5es da torcida do Flamengo marcam derrota","link":"https:\/\/www.futebolinterior.com.br\/neymar-amarelo-derrota-santos-flamengo-brasileirao-maracana-2025\/","chapeu":"PROVOCADO","data":"10\/11\/2025","imagem":"https:\/\/images.futebolinterior.com.br\/2025\/11\/Neymar-Santos-2025-300x185.webp","resumo":"Neymar \u00e9 provocado, recebe amarelo e n\u00e3o brilha em noite tensa na derrota do Santos por 3 a 2 para o Flamengo pelo Brasileir\u00e3o.\n"},"2380833":{"titulo":"Corinthians discute SAF e artigos pol\u00eamicos em meio a tens\u00e3o pol\u00edtica","link":"https:\/\/www.futebolinterior.com.br\/reforma-estatuto-corinthians-votacao-conselheiros-associados-pressao-2025\/","chapeu":"BASTIDORES","data":"10\/11\/2025","imagem":"https:\/\/images.futebolinterior.com.br\/2025\/11\/Gustavo-Vasco-Corinthains-300x154.webp","resumo":"Vota\u00e7\u00e3o da reforma do estatuto do Corinthians causa pol\u00eamica e pressiona conselheiros e associados."},"2380895":{"titulo":"Palmeiras encara o Santos na Vila Belmiro com 4 desfalques importantes","link":"https:\/\/www.futebolinterior.com.br\/mirassol-vence-palmeiras-brasileirao-2025-flamengo-lideranca-desfalques\/","chapeu":"EMBOLOU","data":"10\/11\/2025","imagem":"https:\/\/images.futebolinterior.com.br\/2025\/11\/Palmeiras-Murilo-Benevides-2025-300x184.webp","resumo":"Palmeiras trope\u00e7a diante do Mirassol por 2 a 1 e v\u00ea Flamengo encostar na tabela do Brasileir\u00e3o 2025.\n"},"2380832":{"titulo":"Corinthians inicia prepara\u00e7\u00e3o intensa para enfrentar S\u00e3o Paulo e Cruzeiro","link":"https:\/\/www.futebolinterior.com.br\/corinthians-treinos-brasileirao-semifinais-copa-do-brasil-2025\/","chapeu":"EM ALERTA","data":"10\/11\/2025","imagem":"https:\/\/images.futebolinterior.com.br\/2025\/11\/Jose-Manoel-Idalgo-Corinthians-300x173.webp","resumo":"Tim\u00e3o ter\u00e1 dez dias de treino ap\u00f3s derrota para o Cear\u00e1 antes de cl\u00e1ssico com o S\u00e3o Paulo."},"2380831":{"titulo":"Gr\u00eamio esteve perto de negociar com Benzema, afirma ex-dirigente","link":"https:\/\/www.futebolinterior.com.br\/gremio-negociacao-benzema-eleicao-candidato-alu-ittihad-contratacao-2025\/","chapeu":"NEGOCIANDO","data":"10\/11\/2025","imagem":"https:\/\/images.futebolinterior.com.br\/2025\/11\/Benzema-Gremio-300x137.webp","resumo":"Ex-candidato do Gr\u00eamio confirma tentativa de trazer Benzema, astro do Al Ittihad, durante a campanha presidencial."},"2380830":{"titulo":"Internacional: Ram\u00f3n D\u00edaz se desculpa e admite erro em declara\u00e7\u00e3o pol\u00eamica","link":"https:\/\/www.futebolinterior.com.br\/ramon-diaz-pede-desculpas-fala-polemica-internacional-brasileirao-2025\/","chapeu":"RETRATA\u00c7\u00c3O","data":"10\/11\/2025","imagem":"https:\/\/images.futebolinterior.com.br\/2025\/11\/RamonDiaz-RciardoDuarte-300x154.webp","resumo":"T\u00e9cnico do Inter reconhece erro ap\u00f3s declara\u00e7\u00e3o pol\u00eamica no Brasileir\u00e3o e clube reafirma apoio \u00e0s mulheres."}}