{"2380994":{"titulo":"Atl\u00e9tico-MG: Hulk celebra \u00f3tima fase e j\u00e1 pensa na final da Sul-Americana","link":"https:\/\/www.futebolinterior.com.br\/hulk-gol-501-atletico-mg-virada-sport-brasileirao-2025-z4\/","chapeu":"DECISIVO","data":"10\/11\/2025","imagem":"https:\/\/images.futebolinterior.com.br\/2025\/11\/Hulk-Atletico-MG-300x172.webp","resumo":"Hulk sai do banco, faz gol 501 e d\u00e1 duas assist\u00eancias na virada do Atl\u00e9tico-MG por 4 a 2 sobre o Sport pelo Brasileir\u00e3o 2025.\n"},"2381064":{"titulo":"Cear\u00e1 supera Corinthians e se prepara para sequ\u00eancia pesada na reta final","link":"https:\/\/www.futebolinterior.com.br\/ceara-vence-corinthians-brasileirao-serie-a-permanencia-z4-2025\/","chapeu":"VIT\u00d3RIA ALVINEGRA","data":"10\/11\/2025","imagem":"https:\/\/images.futebolinterior.com.br\/2025\/11\/Ceara-2025-Gabriel-Silva-300x145.webp","resumo":"Cear\u00e1 bate Corinthians por 1 a 0 fora de casa e se aproxima da perman\u00eancia na S\u00e9rie A 2025."},"2381067":{"titulo":"Fluminense mant\u00e9m bom momento e brilha com boas atua\u00e7\u00f5es do goleiro F\u00e1bio","link":"https:\/\/www.futebolinterior.com.br\/fabio-destaque-fluminense-empate-cruzeiro-brasileirao-2025-defesas\/","chapeu":"EM ALTA","data":"10\/11\/2025","imagem":"https:\/\/images.futebolinterior.com.br\/2025\/11\/Fabio-Fluminense-LucasMercon-300x198.webp","resumo":"Goleiro F\u00e1bio, do Fluminense, se destaca aos 45 anos no 0 a 0 com o Cruzeiro e \u00e9 indicado ao pr\u00eamio The Best Fifa Goalkeeper.\n"},"2380995":{"titulo":"Bahia comemora retorno de trio do meio-campo na reta final do Brasileir\u00e3o","link":"https:\/\/www.futebolinterior.com.br\/bahia-trio-volta-jean-caio-everton-reforco-brasileirao-g5-2025\/","chapeu":"RETORNANDO","data":"10\/11\/2025","imagem":"https:\/\/images.futebolinterior.com.br\/2025\/11\/rafaelRodrigues-Bahia-2025-300x186.webp","resumo":"\nCaio Alexandre, Jean Lucas e Everton Ribeiro refor\u00e7am Bahia ap\u00f3s tr\u00eas meses fora."},"2380993":{"titulo":"Atl\u00e9tico-MG vira destaque nos jornais argentinos que alertam o Lan\u00fas: \"O rival assusta\"","link":"https:\/\/www.futebolinterior.com.br\/atletico-mg-vira-destaque-nos-jornais-argentinos-antes-da-final-o-rival-assusta\/","chapeu":"DESTAQUE","data":"10\/11\/2025","imagem":"https:\/\/images.futebolinterior.com.br\/2025\/11\/Atletico-MG-2025-300x172.webp","resumo":"Jornal argentino destaca fase invicta do Atl\u00e9tico-MG antes da decis\u00e3o com o Lan\u00fas."},"2380996":{"titulo":"Red Bull Bragantino bate o S\u00e3o Paulo e Mancini projeta metas no Brasileir\u00e3o","link":"https:\/\/www.futebolinterior.com.br\/bragantino-vence-sao-paulo-sonha-alto-brasileirao-2025-sul-americana\/","chapeu":"EMBALADO","data":"10\/11\/2025","imagem":"https:\/\/images.futebolinterior.com.br\/2025\/11\/Bragantino-2025-Ari-FErreira-300x183.webp","resumo":"Triunfo do Bragantino sobre o S\u00e3o Paulo afasta time do Z-4 e aproxima vaga na Sul-Americana."},"2381002":{"titulo":"No centen\u00e1rio do Mirassol, personalidades foram homenageadas pela diretoria","link":"https:\/\/www.futebolinterior.com.br\/mirassol-comemora-100-anos-jogadores\/","chapeu":"QUE FESTA","data":"10\/11\/2025","imagem":"https:\/\/images.futebolinterior.com.br\/2025\/11\/Mirassol-JUninho-Paulinho-Edson-JPPinheiro-300x186.webp","resumo":"A diretoria do Mirassol preparou uma s\u00e9rie de homenagens para celebrar o centen\u00e1rio do clube. Ex-jogadores, treinadores, dirigentes e profissionais da imprensa"},"2380962":{"titulo":"Leila Pereira, do Palmeiras, detona STJD por 'ajudar' Flamengo","link":"https:\/\/www.futebolinterior.com.br\/palmeiras-stjd-allan-bruno-henrique-brasileirao-libertadores-2025\/","chapeu":" REVOLTA VERDE","data":"10\/11\/2025","imagem":"https:\/\/images.futebolinterior.com.br\/2025\/11\/CesarGreco-LeilaPereira-300x162.webp","resumo":"Palmeiras protesta contra decis\u00f5es do STJD sobre Allan e Bruno Henrique, em semana decisiva do Brasileir\u00e3o e Libertadores."},"2381070":{"titulo":"Parceria entre Bragantino e RB Leipzig resulta em revitaliza\u00e7\u00e3o de quadra p\u00fablica","link":"https:\/\/www.futebolinterior.com.br\/parceria-entre-bragantino\/","chapeu":"HIST\u00d3RICO","data":"10\/11\/2025","imagem":"https:\/\/images.futebolinterior.com.br\/2025\/11\/bragantino-quadra-300x188.webp","resumo":"O Red Bull Bragantino e o RB Leipzig entregaram oficialmente a quadra poliesportiva revitalizada da Pra\u00e7a Narciso Pinheiro"},"2380894":{"titulo":"S\u00e3o Paulo sofre com aus\u00eancia de Marcos Ant\u00f4nio em sequ\u00eancia decisiva","link":"https:\/\/www.futebolinterior.com.br\/sao-paulo-derrota-bragantino-marcos-antonio-lesao-brasileirao-2025\/","chapeu":"DESFALQUE","data":"10\/11\/2025","imagem":"https:\/\/images.futebolinterior.com.br\/2025\/11\/MArcosAntonio-RubensChiri-2025-300x173.webp","resumo":"Sem Marcos Ant\u00f4nio, S\u00e3o Paulo perde para o Bragantino e v\u00ea Libertadores mais distante."}}