{"2259004":{"titulo":"Programa Vis\u00e3o de Esporte repercute o t\u00edtulo do Capivariano no Paulist\u00e3o S\u00e9rie A2","link":"https:\/\/www.futebolinterior.com.br\/programa-visao-de-esporte-repercute-o-titulo-do-capivariano-no-paulistao-serie-a2\/","chapeu":"\u00c9 HOJE","data":"07\/04\/2025","imagem":"https:\/\/images.futebolinterior.com.br\/2025\/04\/image-98-300x138.png","resumo":"Toda semana, o programa Vis\u00e3o de Esporte recebe convidados especiais, como Zenon, ex-Guarani e Sele\u00e7\u00e3o Brasileira, e Rubens Cardoso, ex-Guarani"},"2259107":{"titulo":"Ap\u00f3s mal-estar, atacante do Gr\u00eamio passa por exames em Fortaleza e \u00e9 liberado","link":"https:\/\/www.futebolinterior.com.br\/apos-mal-estar-atacante-do-gremio-passa-por-exames-e-e-liberado-em-fortaleza\/","chapeu":"SUSTO!","data":"07\/04\/2025","imagem":"https:\/\/images.futebolinterior.com.br\/2025\/04\/GREMIO.avif","resumo":"Com a derrota por 2 a 0 para o Cear\u00e1, o Gr\u00eamio permanece com tr\u00eas pontos no Campeonato Brasileiro."},"2259103":{"titulo":"Relat\u00f3rio aponta apostas suspeitas e Juventude afasta \u00canio por precau\u00e7\u00e3o","link":"https:\/\/www.futebolinterior.com.br\/relatorio-aponta-apostas-suspeitas-e-juventude-afasta-enio-por-precaucao\/","chapeu":"PROBLEMA!","data":"07\/04\/2025","imagem":"https:\/\/images.futebolinterior.com.br\/2025\/04\/enio.avif","resumo":"As investiga\u00e7\u00f5es agora correm sob responsabilidade dos \u00f3rg\u00e3os jur\u00eddicos e desportivos, que analisar\u00e3o se houve, de fato, qualquer viola\u00e7\u00e3o \u00e0s regras do jogo."},"2259093":{"titulo":"Rafael Guanaes valoriza desempenho do Mirassol na S\u00e9rie A, mas avisa: '\u00c9 uma competi\u00e7\u00e3o longa'","link":"https:\/\/www.futebolinterior.com.br\/rafael-guanaes-valoriza-desempenho-do-mirassol-na-serie-a-mas-avisa-e-uma-competicao-longa\/","chapeu":"FOCO!","data":"07\/04\/2025","imagem":"https:\/\/images.futebolinterior.com.br\/2025\/04\/Captura-de-Tela-2025-04-07-as-13.22.48-300x223.png","resumo":"A equipe volta a campo no pr\u00f3ximo domingo (13), \u00e0s 16h, quando enfrenta o Bahia, na Arena Fonte Nova, em Salvador,"},"2259063":{"titulo":"Rodada do Brasileir\u00e3o \u00e9 marcada por erros de arbitragem","link":"https:\/\/www.futebolinterior.com.br\/brasileirao-marcado-por-erros-arbitagem\/","chapeu":"DE NOVO","data":"07\/04\/2025","imagem":"https:\/\/images.futebolinterior.com.br\/2025\/04\/image-101-300x142.png","resumo":"Cabe ressaltar que todas as agremia\u00e7\u00f5es das S\u00e9ries A e B do futebol nacional votaram pela reelei\u00e7\u00e3o do presidente da CBF, Ednaldo Rodrigues"},"2259073":{"titulo":"De Batman, Neymar foi ao vesti\u00e1rio e voltou para casa antes de Santos x Bahia","link":"https:\/\/www.futebolinterior.com.br\/de-batman-neymar-foi-ao-vestiario-e-voltou-para-casa-antes-de-santos-x-bahia\/","chapeu":"NO ESCURO...","data":"07\/04\/2025","imagem":"https:\/\/images.futebolinterior.com.br\/2025\/04\/santos.avif","resumo":"O Santos volta a campo no domingo, quando visita o Fluminense pela terceira rodada da S\u00e9rie A."},"2259051":{"titulo":"Zubeld\u00eda reencontra f\u00f3rmula do sucesso do S\u00e3o Paulo na defesa, mas ataque definha","link":"https:\/\/www.futebolinterior.com.br\/zubeldia-reencontra-formula-do-sucesso-do-sao-paulo-na-defesa-mas-ataque-definha\/","chapeu":"AN\u00c1LISE!","data":"07\/04\/2025","imagem":"https:\/\/images.futebolinterior.com.br\/2025\/04\/saopaulo-300x200.webp","resumo":"Zulbed\u00eda tem contrato at\u00e9 o fim do ano, mas n\u00e3o h\u00e1 garantias de que o v\u00ednculo n\u00e3o termine antes disso"},"2259022":{"titulo":"Felipe Melo \u00e9 contra puni\u00e7\u00e3o da CBF: 'Se faz isso comigo, jogaria fora do campo'","link":"https:\/\/www.futebolinterior.com.br\/felipe-melo-contra-punicao-da-cbf\/","chapeu":"N\u00c3O GOSTOU","data":"07\/04\/2025","imagem":"https:\/\/images.futebolinterior.com.br\/2025\/04\/image-100-300x239.png","resumo":"A Comiss\u00e3o de Arbitragem (CA) da CBF enviou of\u00edcio aos clubes na \u00faltima semana, informando sobre a puni\u00e7\u00e3o aos jogadores que subirem na bola"},"2259012":{"titulo":"CBF divulga \u00e1udio do VAR em p\u00eanalti para o Palmeiras: 'N\u00e3o muda a trajet\u00f3ria da bola'","link":"https:\/\/www.futebolinterior.com.br\/cbf-divulga-audio-var-do-palmeias\/","chapeu":"POL\u00caMICO","data":"07\/04\/2025","imagem":"https:\/\/images.futebolinterior.com.br\/2025\/04\/image-99-300x194.png","resumo":"O lance aconteceu aos 42 minutos do segundo tempo. O \u00e1rbitro Bruno Arleu de Ara\u00fajo viu toque de Matheus Alexandre em Raphael Veiga dentro da \u00e1rea"},"2259009":{"titulo":"Marcos ataca arbitragem em jogo do Palmeiras: 'Prefiro perder do que ganhar com p\u00eanalti desse'","link":"https:\/\/www.futebolinterior.com.br\/marcos-ataca-arbitragem-em-jogo-do-palmeiras-prefiro-perder-do-que-ganhar-com-penalti-desse\/","chapeu":"DISPAROU!","data":"07\/04\/2025","imagem":"https:\/\/images.futebolinterior.com.br\/2025\/04\/marcos-300x169.jpeg","resumo":"Em campo, o Palmeiras acabou se dando bem e, apesar de apresentar um futebol ruim, venceu por 2 a 1"}}