{"2269341":{"titulo":"Internacional 3 x 1 Juventude - Colorado vira e encosta no G4","link":"https:\/\/www.futebolinterior.com.br\/internacional-3-x-1-juventude-brasileirao\/","chapeu":"DEU INTER","data":"26\/04\/2025","imagem":"https:\/\/images.futebolinterior.com.br\/2025\/04\/Internacional-bate-Juventude-no-Brasileirao-2-300x200.jpg","resumo":"Com escanteios milim\u00e9tricos de Alan Patrick, o Internacional conseguiu anotar seus gols e conquistar mais uma vit\u00f3ria"},"2269375":{"titulo":"Luto! Morre \u00eddolo da Portuguesa e campe\u00e3o do mundo em 62 com a sele\u00e7\u00e3o","link":"https:\/\/www.futebolinterior.com.br\/luto-morre-jair-da-costa-idolo-da-portuguesa-e-campeao-do-mundo-em-62\/","chapeu":"LUTO!","data":"26\/04\/2025","imagem":"https:\/\/images.futebolinterior.com.br\/2025\/04\/Captura-de-Tela-2025-04-26-as-16.42.53-300x217.png","resumo":"A causa da morte, assim como informa\u00e7\u00f5es sobre vel\u00f3rio e enterro ainda n\u00e3o foram confirmados"},"2269042":{"titulo":"BRASILEIR\u00c3O: Domingo de cl\u00e1ssicos e confrontos diretos na 6\u00aa Rodada","link":"https:\/\/www.futebolinterior.com.br\/brasileirao-domingo-de-classicos-e-confrontos-diretos-na-6a-rodada\/","chapeu":"SE LIGA!","data":"26\/04\/2025","imagem":"https:\/\/images.futebolinterior.com.br\/2025\/04\/flamengo-1-300x150.webp","resumo":"O Placar Ao Vivo do Portal Futebol Interior acompanha todos os jogos do Brasileir\u00e3o"},"2269322":{"titulo":"Corinthians lan\u00e7a uniformes em homenagem ao Mundial de 2000 ap\u00f3s provocar Palmeiras","link":"https:\/\/www.futebolinterior.com.br\/corinthians-lanca-uniformes-em-homenagem-ao-mundial-de-2000-apos-provocar-palmeiras\/","chapeu":"HOMENAGEM","data":"26\/04\/2025","imagem":"https:\/\/images.futebolinterior.com.br\/2025\/04\/GpdzqLAXMAAmvjU-300x200.jpeg","resumo":" O t\u00edtulo comemorou 25 anos no m\u00eas de janeiro."},"2269280":{"titulo":"Treinador \"barra\" Dudu depois de reclamar de ser reserva no Cruzeiro","link":"https:\/\/www.futebolinterior.com.br\/treinador-barra-dudu-depois-de-reclamar-de-ser-reserva-no-cruzeiro\/","chapeu":"VIXI!","data":"26\/04\/2025","imagem":"https:\/\/images.futebolinterior.com.br\/2025\/04\/Screenshot_545-300x198.jpg","resumo":"O clube, no entanto, afirma que o fato ocorreu por 'op\u00e7\u00e3o t\u00e9cnica'."},"2269250":{"titulo":"Palmeiras x Bahia - Embalado, Verd\u00e3o defende a lideran\u00e7a do Brasileiro","link":"https:\/\/www.futebolinterior.com.br\/palmeiras-x-bahia-embalado-verdao-defende-a-lideranca-do-brasileiro\/","chapeu":"QUEM SEGURA?","data":"26\/04\/2025","imagem":"https:\/\/images.futebolinterior.com.br\/2025\/04\/54475762708_1262898184_o-300x169.jpg","resumo":"Embalado com sete vit\u00f3rias seguidas, o Verd\u00e3o defende a sua lideran\u00e7a do Brasileiro neste domingo, \u00e0s 18h30, diante do Bahia"},"2269210":{"titulo":"Diretor financeiro do Corinthians pede demiss\u00e3o por problemas de sa\u00fade","link":"https:\/\/www.futebolinterior.com.br\/diretor-financeiro-demissao-corinthians\/","chapeu":"DE SA\u00cdDA","data":"26\/04\/2025","imagem":"https:\/\/images.futebolinterior.com.br\/2025\/04\/image-409-300x248.png","resumo":"Pedro Silveira foi anunciado como diretor financeiro em julho do ano passado. Uma das suas primeiras atribui\u00e7\u00f5es foi a participa\u00e7\u00e3o na semana da transpar\u00eancia"},"2269188":{"titulo":"S\u00e3o Paulo abre a 6\u00aa rodada do Brasileir\u00e3o contra o Cear\u00e1","link":"https:\/\/www.futebolinterior.com.br\/sao-paulo-abre-a-6a-rodada-do-brasileirao-contra-o-ceara\/","chapeu":"S\u00c9RGIO CARVALHO","data":"25\/04\/2025","imagem":"https:\/\/images.futebolinterior.com.br\/2025\/04\/Igor-Jesus-Botafogo-Victor-Silva-1-300x162.jpg","resumo":"Al\u00e9m deste jogo, mais quatro ser\u00e3o disputados neste s\u00e1bado. No Engenh\u00e3o, no Rio, acontece o Cl\u00e1ssico Vov\u00f4 entre Botafogo e Fluminense."},"2269135":{"titulo":"Gr\u00eamio oficializa Felip\u00e3o como coordenador t\u00e9cnico para parceria e apoio a Mano Menezes","link":"https:\/\/www.futebolinterior.com.br\/gremio-oficializa-felipao-coordenador\/","chapeu":"OLHA ELE","data":"25\/04\/2025","imagem":"https:\/\/images.futebolinterior.com.br\/2025\/04\/gremi-300x159.jpg","resumo":"A parceria de ga\u00fachos com Felip\u00e3o \u00e9 a aposta do Gr\u00eamio por retorno dos tempos \u00e1ureos"},"2269122":{"titulo":"Multiball e cera: s\u00f3 4% jogos do Brasileir\u00e3o seguem tempo de bola rolando recomendado pela Fifa","link":"https:\/\/www.futebolinterior.com.br\/multiball-brasileirao-bola-rolando\/","chapeu":"EITA","data":"25\/04\/2025","imagem":"https:\/\/images.futebolinterior.com.br\/2025\/04\/mULTIBALL-300x161.jpg","resumo":"Analisados os n\u00fameros do Multiball, as novidades ainda n\u00e3o t\u00eam o efeito esperado"}}