{"2390020":{"titulo":"Fora do Sport, Hereda tem destino definido para 2026","link":"https:\/\/www.futebolinterior.com.br\/fora-do-sport-hereda\/","chapeu":"MUDAN\u00c7A","data":"01\/12\/2025","imagem":"https:\/\/images.futebolinterior.com.br\/2025\/12\/Hereda-300x200.webp","resumo":"O Sport poderia adquirir os direitos econ\u00f4micos do atleta mediante o cumprimento de metas estabelecidas"},"2389903":{"titulo":"Cariocas dominam a Sele\u00e7\u00e3o FI da 36\u00aa rodada do Brasileir\u00e3o","link":"https:\/\/www.futebolinterior.com.br\/selecao-fi-36a-rodada-brasileirao\/","chapeu":"TIME MONTADO","data":"01\/12\/2025","imagem":"https:\/\/images.futebolinterior.com.br\/2025\/12\/Selecao-FI-36a-rodada-Brasileirao-2-300x200.webp","resumo":"A Sele\u00e7\u00e3o FI da 36\u00aa rodada tem como principais destaques Vasco, Fluminense e Vit\u00f3ria, que dominaram o time ideal"},"2390003":{"titulo":"Fortaleza tem trio absolvido e refor\u00e7os contra o Corinthians","link":"https:\/\/www.futebolinterior.com.br\/fortaleza-tem-trio-absolvido\/","chapeu":"REFOR\u00c7OS","data":"01\/12\/2025","imagem":"https:\/\/images.futebolinterior.com.br\/2025\/12\/Fec-Bareiro-300x200.webp","resumo":"O caso dizia respeito \u00e0s expuls\u00f5es ocorridas no confronto com o Vasco, em outubro\n"},"2389980":{"titulo":"Ex-presidente do Santos pede a Juventude 'entregar' o jogo para rebaixar Inter","link":"https:\/\/www.futebolinterior.com.br\/ex-presidente-do-santos-pede-a-juventude-entregar-o-jogo-para-rebaixar-inter\/","chapeu":"BRINCADEIRA?","data":"01\/12\/2025","imagem":"https:\/\/images.futebolinterior.com.br\/2025\/12\/Screenshot_401-300x185.webp","resumo":"\"Sejam inteligentes e levem o Internacional com voc\u00eas para a S\u00e9rie B\""},"2389973":{"titulo":"Ronaldo fala em \u201cduas finais\u201d para o Bahia por vaga direta na Libertadores","link":"https:\/\/www.futebolinterior.com.br\/ronaldo-duas-finais-bahia-libertadores\/","chapeu":"DECIS\u00c3O","data":"01\/12\/2025","imagem":"https:\/\/images.futebolinterior.com.br\/2025\/12\/54793239187-03de2d5b69-k-300x200.avif","resumo":"Goleiro Ronaldo destaca reta final do Bahia no Brasileir\u00e3o em busca da vaga direta na Libertadores."},"2390000":{"titulo":"Vit\u00f3ria faz contas para se livrar rebaixamento na pr\u00f3xima rodada","link":"https:\/\/www.futebolinterior.com.br\/vitoria-faz-contas\/","chapeu":"DECIS\u00c3O","data":"01\/12\/2025","imagem":"https:\/\/images.futebolinterior.com.br\/2025\/12\/Vitoria-matheuzinh-300x200.webp","resumo":"A vit\u00f3ria sobre o Mirassol representou um avan\u00e7o importante para o Vit\u00f3ria na disputa contra o rebaixamento"},"2389957":{"titulo":"Gr\u00eamio x Fluminense - Onde assistir, arbitragem e escala\u00e7\u00f5es","link":"https:\/\/www.futebolinterior.com.br\/gremio-x-fluminense-onde-assistir-jogo\/","chapeu":"JOG\u00c3O","data":"01\/12\/2025","imagem":"https:\/\/images.futebolinterior.com.br\/2025\/12\/54110874908-51cbb0982d-k-300x200.avif","resumo":"Gr\u00eamio e Fluminense\u00a0se enfrentam nesta\u00a0ter\u00e7a-feira\u00a0(02), \u00e0s\u00a021h30, na Arena do Gr\u00eamio\u00a0\u2013 Porto Alegre (RS), pela\u00a037\u00aa rodada\u00a0da S\u00e9rie A do Campeonato Brasileiro."},"2389946":{"titulo":"Vasco x Mirassol - Onde assistir, hor\u00e1rio e escala\u00e7\u00f5es","link":"https:\/\/www.futebolinterior.com.br\/vasco-x-mirassol-onde-assistir-serie-a\/","chapeu":"CONFIRA!","data":"01\/12\/2025","imagem":"https:\/\/images.futebolinterior.com.br\/2025\/12\/whatsapp-image-2025-08-02-at-19.00.28-300x169.avif","resumo":"Nesta ter\u00e7a-feira (02), \u00e0s 19h, em S\u00e3o Janu\u00e1rio,\u00a0Vasco\u00a0e\u00a0Mirassol\u00a0colocam frente a frente dois clubes em situa\u00e7\u00f5es opostas na tabela."},"2389996":{"titulo":"Bahia tem Jean Lucas suspenso, DM cheio e retorno de zagueiro","link":"https:\/\/www.futebolinterior.com.br\/bahia-tem-jean-lucas\/","chapeu":"MUDAN\u00c7AS","data":"01\/12\/2025","imagem":"https:\/\/images.futebolinterior.com.br\/2025\/12\/Bahia-treino-300x200.webp","resumo":"O Bahia retomou as atividades na manh\u00e3 deste domingo, na Cidade Tricolor"},"2389934":{"titulo":"Belmonte revela diverg\u00eancia com Casares ap\u00f3s sa\u00edda do S\u00e3o Paulo","link":"https:\/\/www.futebolinterior.com.br\/belmonte-divergencia-casares-sao-paulo\/","chapeu":"BASTIDORES","data":"01\/12\/2025","imagem":"https:\/\/images.futebolinterior.com.br\/2025\/12\/Carlos-Belmonte-300x135.webp","resumo":"O S\u00e3o Paulo vive um momento de debate interno sobre sua gest\u00e3o financeira. Ap\u00f3s deixar o cargo de diretor de futebol, Carlos Belmonte tornou p\u00fablica sua insatisfa\u00e7\u00e3o com a estrat\u00e9gia adotada pelo presidente Julio Casares."}}