{"2390262":{"titulo":"S\u00e3o Paulo x Internacional - Onde assistir, arbitragem e escala\u00e7\u00f5es","link":"https:\/\/www.futebolinterior.com.br\/sao-paulo-x-internacional-onde-assistir\/","chapeu":"CONFIRA!","data":"02\/12\/2025","imagem":"https:\/\/images.futebolinterior.com.br\/2025\/12\/image-5-300x169.webp","resumo":"S\u00e3o Paulo\u00a0e Internacional se enfrentam nesta\u00a0quarta-feira\u00a0(03), \u00e0s\u00a020h, na Vila Belmiro\u00a0\u2013 Santos (SP), pela\u00a037\u00aa rodada\u00a0da S\u00e9rie A do Campeonato Brasileiro."},"2390278":{"titulo":"Corinthians envia proposta ao Shakhtar para manter Maycon","link":"https:\/\/www.futebolinterior.com.br\/corinthians-maycon-shakhtar\/","chapeu":"NEGOCIA\u00c7\u00c3O","data":"02\/12\/2025","imagem":"https:\/\/images.futebolinterior.com.br\/2025\/12\/Maycon-Corinthians-300x200.webp","resumo":"\nA oferta foi enviada na semana passada e ainda n\u00e3o recebeu resposta"},"2390134":{"titulo":"Remo esbarra em multa e trava renova\u00e7\u00e3o de Guto Ferreira","link":"https:\/\/www.futebolinterior.com.br\/remo-trava-renovacao-guto-ferreira\/","chapeu":"TRAVOU","data":"02\/12\/2025","imagem":"https:\/\/images.futebolinterior.com.br\/2025\/12\/Remo-esbarra-em-multa-e-trava-renovacao-de-Guto-Ferreira-300x184.webp","resumo":"A demora na conclus\u00e3o da renova\u00e7\u00e3o naturalmente abriu espa\u00e7o para especula\u00e7\u00f5es no Remo"},"2390121":{"titulo":"Mirassol pode garantir vaga direta antecipada na Libertadores","link":"https:\/\/www.futebolinterior.com.br\/mirassol-pode-garantir-vaga-direta-libertadores\/","chapeu":"ENTENDA","data":"02\/12\/2025","imagem":"https:\/\/images.futebolinterior.com.br\/2025\/12\/Mirassol-pode-garantir-vaga-direta-na-libertadores-mesmo-sem-vencer-300x165.webp","resumo":"Se o Mirassol perder ainda garante a vaga, desde que ao menos duas equipes entre Botafogo, Fluminense e Bahia n\u00e3o ven\u00e7am"},"2390089":{"titulo":"Santos ter\u00e1 casa cheia na despedida do Brasileir\u00e3o","link":"https:\/\/www.futebolinterior.com.br\/santos-tera-casa-cheia-cruzeiro\/","chapeu":"VAI LOTAR","data":"02\/12\/2025","imagem":"https:\/\/images.futebolinterior.com.br\/2025\/12\/Santos-tera-casa-cheia-contra-o-Cruzeiro-300x187.webp","resumo":"A diretoria do Santos anunciou na noite desta segunda-feira que todos os ingressos para o confronto com o Cruzeiro foram vendidos"},"2390078":{"titulo":"Fim de temporada do Palmeiras \u00e9 o pior em 10 anos; veja n\u00fameros","link":"https:\/\/www.futebolinterior.com.br\/fim-temporada-palmeiras-pior\/","chapeu":"PUTZ","data":"02\/12\/2025","imagem":"https:\/\/images.futebolinterior.com.br\/2025\/12\/Palmeiras-300x158.webp","resumo":"Fim de temporada do Palmeiras \u00e9 o pior em 10 anos; veja n\u00fameros"},"2389914":{"titulo":"BRASILEIR\u00c3O: Ter\u00e7a com disputa por G-8 e corrida por vaga direta na Libertadores.","link":"https:\/\/www.futebolinterior.com.br\/brasileirao-terca-com-disputa-por-g-8-e-corrida-por-vaga-direta-na-libertadores\/","chapeu":"RODADA","data":"02\/12\/2025","imagem":"https:\/\/images.futebolinterior.com.br\/2025\/12\/IMG_6173-300x125.webp","resumo":""},"2390066":{"titulo":"Gr\u00eamio x Fluminense - Olho em vaga direta da Libertadores","link":"https:\/\/www.futebolinterior.com.br\/gremio-x-fluminense-olho-em-vaga-direta-da-libertadores\/","chapeu":"OLHO NO G-5","data":"02\/12\/2025","imagem":"https:\/\/images.futebolinterior.com.br\/2025\/11\/Fluminense-x-Sao-Paulo-300x128.webp","resumo":"Depois da goleada hist\u00f3rica por 6 a 0 sobre o S\u00e3o Paulo, o time de Luis Zubeld\u00eda subiu para 58 pontos e aparece a apenas um do Botafogo, que hoje fecha o G-5"},"2390061":{"titulo":"S\u00e9rgio Carvalho: Santos pode escapar da degola. Eu tor\u00e7o !","link":"https:\/\/www.futebolinterior.com.br\/sergio-carvalho-santos-pode-escapar-da-degola-eu-torco\/","chapeu":"OPINI\u00c3O","data":"01\/12\/2025","imagem":"https:\/\/images.futebolinterior.com.br\/2025\/11\/Neymar-300x135.webp","resumo":"Pr\u00e1 mim, o Santos merece\u00a0continuar na S\u00e9rie A, mesmo porque, nenhum dos amea\u00e7ados pelo rebaixamento tem seu fant\u00e1stico curr\u00edculo. "},"2390007":{"titulo":"CBF quer ao menos 30 \u00e1rbitros profissionais para o Brasileir\u00e3o 2026","link":"https:\/\/www.futebolinterior.com.br\/cbf-quer-ao-menos-30-arbitros-profissionais-para-o-brasileirao-2026\/","chapeu":"A\u00cd SIM","data":"01\/12\/2025","imagem":"https:\/\/images.futebolinterior.com.br\/2025\/12\/Screenshot_405-300x189.webp","resumo":" A proposta foi apresentada por Rodrigo Cintra, chefe da Comiss\u00e3o Nacional de Arbitragem, no 1\u00ba Encontro de Executivos do Futebol"}}