{"2391453":{"titulo":"PLACAR FI: Com Brasileir\u00e3o, confira os RESULTADOS desta QUINTA-FEIRA","link":"https:\/\/www.futebolinterior.com.br\/confira-o-placar-fi-desta-quinta-feira-9\/","chapeu":"COMPLET\u00c3O","data":"04\/12\/2025","imagem":"https:\/\/images.futebolinterior.com.br\/2025\/12\/Screenshot_414-300x160.webp","resumo":"Claro, o Placar ao Vivo do\u00a0Portal Futebol Interior\u00a0acompanhou todos os jogos e traz para voc\u00ea a lista com todos os resultados. Confira!"},"2391094":{"titulo":"Com Neymar, Sele\u00e7\u00e3o FI da 37\u00aa rodada do Brasileir\u00e3o chega dominada por paulistas","link":"https:\/\/www.futebolinterior.com.br\/selecao-fi-37a-rodada-brasileirao\/","chapeu":"CONFIRA!","data":"04\/12\/2025","imagem":"https:\/\/images.futebolinterior.com.br\/2025\/12\/selecao-fi-37a-rodada-Brasileirao-2-300x186.webp","resumo":"A Sele\u00e7\u00e3o FI tem como principais destaques S\u00e3o Paulo, Flamengo, Red Bull Bragantino e Mirassol, que colocaram dois nomes cada no time"},"2391476":{"titulo":"Vit\u00f3ria negocia R$ 1 milh\u00e3o com S\u00e3o Paulo para ter Erick","link":"https:\/\/www.futebolinterior.com.br\/vitoria-negocia-erick\/","chapeu":"NEGOCIA\u00c7\u00c3O","data":"04\/12\/2025","imagem":"https:\/\/images.futebolinterior.com.br\/2025\/12\/Erick-Vit-300x169.webp","resumo":"Diretoria negocia com o S\u00e3o Paulo a possibilidade de liberar o atacante Erick "},"2391448":{"titulo":"Cruzeiro 2 x 2 Botafogo - Fog\u00e3o empata no fim, sonha com G5 e d\u00e1 o vice ao Palmeiras","link":"https:\/\/www.futebolinterior.com.br\/cruzeiro-2-x-2-botafogo-fogao-empata-no-fim-sonha-com-g5-e-da-o-vice-ao-verdao\/","chapeu":"NO FIM","data":"04\/12\/2025","imagem":"https:\/\/images.futebolinterior.com.br\/2025\/12\/Botafogo-gol-Victor-Silva-BFR-300x222.webp","resumo":"O resultado garantiu o vice-campeonato para o Palmeiras."},"2391465":{"titulo":"Brasileir\u00e3o 2026: Veja a Classifica\u00e7\u00e3o antes da rodada final","link":"https:\/\/www.futebolinterior.com.br\/brasileirao-2026-veja-a-classificacao-antes-da-rodada-final\/","chapeu":"TABELA","data":"04\/12\/2025","imagem":"https:\/\/images.futebolinterior.com.br\/2025\/12\/flamengo-bayern-brasil-300x200.webp","resumo":"A tabela de classifica\u00e7\u00e3o do Brasileir\u00e3o ainda pode mudar na \u00faltima rodada, que ser\u00e1 disputado no fim de semana. Um jogo s\u00e1bado e nove domingo."},"2391452":{"titulo":"Vit\u00f3ria depende de combina\u00e7\u00e3o de resultados para seguir na S\u00e9rie A","link":"https:\/\/www.futebolinterior.com.br\/vitoria-combinacao\/","chapeu":"CEN\u00c1RIOS","data":"04\/12\/2025","imagem":"https:\/\/images.futebolinterior.com.br\/2025\/12\/Z4E6zNfM-Vitoria-matheuzinh-300x200.webp","resumo":"A goleada sofrida para o Bragantino na \u00faltima quarta-feira complicou a situa\u00e7\u00e3o do Vit\u00f3ria\n"},"2391449":{"titulo":"Cear\u00e1 mira vit\u00f3ria decisiva e Cond\u00e9 descarta secar rivais","link":"https:\/\/www.futebolinterior.com.br\/ceara-mira-vitoria\/","chapeu":"DECIS\u00c3O","data":"04\/12\/2025","imagem":"https:\/\/images.futebolinterior.com.br\/2025\/12\/Leo-Conde-Ceara-300x168.webp","resumo":"Equipe est\u00e1 empatada com o Fortaleza, que aparece logo atr\u00e1s como primeiro clube fora da zona"},"2391418":{"titulo":"Igor Cari\u00fas recebe propostas e pode deixar o Sport","link":"https:\/\/www.futebolinterior.com.br\/igor-carius-sport\/","chapeu":"MERCADO","data":"04\/12\/2025","imagem":"https:\/\/images.futebolinterior.com.br\/2025\/12\/Igor-Carius-300x200.webp","resumo":"Apesar de ter renovado contrato recentemente, Igor Cari\u00fas dificilmente permanecer\u00e1 no Sport "},"2391388":{"titulo":"Athletico-PR negocia com volante ex-Boca Juniors","link":"https:\/\/www.futebolinterior.com.br\/athletico-pr-negocia-com-volante-cubas\/","chapeu":"BOM NOME?","data":"04\/12\/2025","imagem":"https:\/\/images.futebolinterior.com.br\/2025\/12\/Athletico-PR-negocia-contratacao-de-volante-ex-boca-junior-300x179.webp","resumo":"A busca por Cubas faz parte do planejamento do Athletico para contratar pelo menos tr\u00eas volantes nesta janela"},"2391391":{"titulo":"Remo mira contrata\u00e7\u00e3o de atacante do Juventude para 2026","link":"https:\/\/www.futebolinterior.com.br\/remo-contratacao-atacante-do-juventude\/","chapeu":"INTERESSE","data":"04\/12\/2025","imagem":"https:\/\/images.futebolinterior.com.br\/2025\/12\/01JMRBMPSMB19PEQHVM3DD602W-300x200.webp","resumo":"O Remo est\u00e1 de olho em refor\u00e7ar o ataque para a pr\u00f3xima temporada e identificou Emerson Batalla, de 24 anos, do Juventude, como alvo para a disputa da S\u00e9rie A em 2026."}}