{"2391919":{"titulo":"Vit\u00f3ria x S\u00e3o Paulo - Onde assistir, arbitragem e escala\u00e7\u00f5es!","link":"https:\/\/www.futebolinterior.com.br\/vitoria-x-sao-paulo-onde-assistir\/","chapeu":"INFORMA\u00c7\u00d5ES","data":"05\/12\/2025","imagem":"https:\/\/images.futebolinterior.com.br\/2025\/12\/53700477652_3503033247_c-300x200.webp","resumo":"O Vit\u00f3ria recebe o S\u00e3o Paulo neste domingo (7) \u00e0s 16h, no Barrad\u00e3o, pela \u00faltima rodada do Brasileir\u00e3o"},"2391890":{"titulo":"Botafogo x Fortaleza - Onde assistir, escala\u00e7\u00f5es e arbitragem","link":"https:\/\/www.futebolinterior.com.br\/botafogo-x-fortaleza-onde-assistir\/","chapeu":"CONFIRA!","data":"05\/12\/2025","imagem":"https:\/\/images.futebolinterior.com.br\/2025\/12\/Botafogo-x-Fortaleza-Onde-assistir-escalacoes-e-arbitragem-300x200.webp","resumo":"Enquanto o Botafogo tenta garantir uma vaga no G5, o Fortaleza joga pela vida no Campeonato Brasileiro"},"2391869":{"titulo":"Palmeiras tem sete desfalques para jogo contra o Cear\u00e1","link":"https:\/\/www.futebolinterior.com.br\/palmeiras-sete-desfalques-jogo-ceara\/","chapeu":"PROBLEMA","data":"05\/12\/2025","imagem":"https:\/\/images.futebolinterior.com.br\/2025\/12\/05122025-cg-palmeiras-5930-21-300x169.avif","resumo":"O Palmeiras retornou aos treinos ap\u00f3s vencer o Atl\u00e9tico-MG e j\u00e1 encara uma lista de sete baixas para a \u00faltima partida da temporada."},"2391900":{"titulo":"Sport come\u00e7a a quitar sal\u00e1rios atrasados de funcion\u00e1rios","link":"https:\/\/www.futebolinterior.com.br\/sport-comeca-a-quitar-salarios\/","chapeu":"D\u00cdVIDAS","data":"05\/12\/2025","imagem":"https:\/\/images.futebolinterior.com.br\/2025\/12\/Ilha-do-Retiro-300x167.webp","resumo":"\nAs pend\u00eancias foram regularizadas para todos os setores, com exce\u00e7\u00e3o do elenco profissional"},"2391853":{"titulo":"Santos x Cruzeiro - Onde assistir, arbitragem e escala\u00e7\u00f5es","link":"https:\/\/www.futebolinterior.com.br\/santos-x-cruzeiro-onde-assistir-o-jogo\/","chapeu":"CONFIRA!","data":"05\/12\/2025","imagem":"https:\/\/images.futebolinterior.com.br\/2025\/12\/54712759929_23aba11801_c-300x200.webp","resumo":"O Santos recebe o Cruzeiro neste domingo (7), \u00e0s 16h00, na Vila Belmiro, em jogo v\u00e1lido pela 38\u00aa rodada do Brasileir\u00e3o."},"2391866":{"titulo":"Fortaleza chega \u00e0 \u00faltima rodada dependendo apenas de si","link":"https:\/\/www.futebolinterior.com.br\/fortaleza-brasileirao-cenarios\/","chapeu":"CEN\u00c1RIOS","data":"05\/12\/2025","imagem":"https:\/\/images.futebolinterior.com.br\/2025\/12\/Comemoracao-FEC-300x200.webp","resumo":"\nCom qualquer triunfo no Engenh\u00e3o, o Fortaleza alcan\u00e7aria 46 pontos e asseguraria a perman\u00eancia"},"2391736":{"titulo":"Cristian revela sal\u00e1rios atrasados no t\u00edtulo do Corinthians em 2015","link":"https:\/\/www.futebolinterior.com.br\/cristian-revela-salarios-atrasados-corinthians-2015\/","chapeu":"FALOU TUDO","data":"05\/12\/2025","imagem":"https:\/\/images.futebolinterior.com.br\/2025\/12\/Cristian-revela-salarios-atrasados-em-titulo-do-Corinthians-em-2025-300x186.webp","resumo":"Cristian afirmou que os atletas s\u00f3 viram o dinheiro depois de confirmada a conquista"},"2391567":{"titulo":"Sport x Gr\u00eamio - Onde assistir, arbitragem e escala\u00e7\u00f5es","link":"https:\/\/www.futebolinterior.com.br\/sport-x-gremio-onde-assistir\/","chapeu":"DETALHES","data":"05\/12\/2025","imagem":"https:\/\/images.futebolinterior.com.br\/2025\/12\/54947393989_e36396fafc_c-300x200.webp","resumo":"Gr\u00eamio ir\u00e1 enfrentar o j\u00e1 rebaixado Sport na \u00faltima rodada do Brasileir\u00e3o"},"2391563":{"titulo":"Cruzeiro tem nova bet como patrocinador na camisa","link":"https:\/\/www.futebolinterior.com.br\/cruzeiro-nova-bet-patrocinador\/","chapeu":"NOVIDADE","data":"04\/12\/2025","imagem":"https:\/\/images.futebolinterior.com.br\/2025\/12\/unnamed-300x200.webp","resumo":"Betnacional \u00e9 a nova patrocinadora m\u00e1ster do Cruzeiro a partir de 2026"},"2391553":{"titulo":"S\u00e9rgio Carvalho: Flamengo campe\u00e3o e Abel vice. At\u00e9 quando?","link":"https:\/\/www.futebolinterior.com.br\/sergio-carvalho-flamengo-campeao-e-abel-vice-ate-quando\/","chapeu":"OPINI\u00c3O","data":"04\/12\/2025","imagem":"https:\/\/images.futebolinterior.com.br\/2025\/12\/TZCINht3-image-300x167.webp","resumo":""}}