{"2419573":{"titulo":"Botafogo-SP segue investindo na Arena Nicnet para \u00eaxito dentro e fora de campo","link":"https:\/\/www.futebolinterior.com.br\/botafogo-sp-segue-investindo-na-arena-nicnet-para-exito-dentro-e-fora-de-campo\/","chapeu":"SAF","data":"04\/02\/2026","imagem":"https:\/\/images.futebolinterior.com.br\/2026\/02\/Botafogo-SP-300x198.webp","resumo":"O Botafogo-SP, com o modelo de gest\u00e3o SAF, segue modernizando seu est\u00e1dio e tentado diversificar formas de receita "},"2419549":{"titulo":"Palmeiras se acerta com Wolverhampton e espera decis\u00e3o de Arias","link":"https:\/\/www.futebolinterior.com.br\/palmeiras-se-acerta-com-wolverhampton-e-espera-decisao-de-arias\/","chapeu":"MERCADO","data":"04\/02\/2026","imagem":"https:\/\/images.futebolinterior.com.br\/2026\/02\/Arias-300x257.webp","resumo":"O Palmeiras ofereceu 25 milh\u00f5es de Euros pelo colombiano, que est\u00e1 muito pr\u00f3ximo de fechar com o clube paulista"},"2419529":{"titulo":"Presidente da Ponte Preta escancara crise: \u201cSem a torcida, o clube fecha\u201d","link":"https:\/\/www.futebolinterior.com.br\/presidente-da-ponte-preta-escancara-crise-sem-a-torcida-o-clube-fecha\/","chapeu":"ENF\u00c1TICO!","data":"04\/02\/2026","imagem":"https:\/\/images.futebolinterior.com.br\/2026\/02\/ponte-preta-300x181.avif","resumo":"A Ponte Preta \u00e9 a lanterna do Paulist\u00e3o com apenas um ponto"},"2419499":{"titulo":"Santos acerta empr\u00e9stimo de promessa da Ponte Preta","link":"https:\/\/www.futebolinterior.com.br\/santos-emprestimo-promessa-ponte-preta\/","chapeu":"JOIA","data":"04\/02\/2026","imagem":"https:\/\/images.futebolinterior.com.br\/2026\/01\/Captura-de-tela-2026-01-07-181032-1-300x142.webp","resumo":"O Santos est\u00e1 muito perto de fechar a contrata\u00e7\u00e3o do meia Nikolas, destaque da base da Ponte Preta, por empr\u00e9stimo at\u00e9 o final do Paulist\u00e3o de 2027."},"2419475":{"titulo":"Lucca celebra vit\u00f3ria no D\u00e9rbi e projeta sequ\u00eancia no Guarani","link":"https:\/\/www.futebolinterior.com.br\/lucca-projeta-sequencia-guarani\/","chapeu":"RECOME\u00c7O?","data":"04\/02\/2026","imagem":"https:\/\/images.futebolinterior.com.br\/2026\/02\/Lucca-mira-sequencia-no-Guarani-300x186.webp","resumo":"Para Lucca, o triunfo por 1 a 0 sobre a Ponte Preta simbolizou um recome\u00e7o ap\u00f3s um per\u00edodo de press\u00e3o"},"2419467":{"titulo":"Igor Cari\u00fas celebra estreia no Mirassol: \"Uma honra\"","link":"https:\/\/www.futebolinterior.com.br\/igor-carius-celebra-estreia-mirassol\/","chapeu":"OPORTUNIDADE","data":"04\/02\/2026","imagem":"https:\/\/images.futebolinterior.com.br\/2026\/02\/Igor-Carius-celebra-estreia-Mirassol-300x175.webp","resumo":"Com Reinaldo ainda em recupera\u00e7\u00e3o, Igor Cari\u00fas tende a seguir entre os titulares do Mirassol"},"2419424":{"titulo":"Rui Costa e Rafinha viram chave no vesti\u00e1rio do S\u00e3o Paulo","link":"https:\/\/www.futebolinterior.com.br\/rui-costa-e-rafinha-viram-chave-sao-paulo\/","chapeu":"RENOVADO?","data":"04\/02\/2026","imagem":"https:\/\/images.futebolinterior.com.br\/2026\/02\/RUI-COSTA-E-RAFINHA-VIRAM-CHAVE-SAO-PAULO-300x184.webp","resumo":"Desde que Rafinha chegou, foram duas vit\u00f3rias do S\u00e3o Paulo, com imposi\u00e7\u00e3o sobre Flamengo e Santos"},"2419384":{"titulo":"Meia passa por cirurgia e vira baixa de longo prazo no Guarani","link":"https:\/\/www.futebolinterior.com.br\/meia-passa-por-cirurgia-e-vira-baixa-de-longo-prazo-no-guarani\/","chapeu":"DE MOLHO!","data":"04\/02\/2026","imagem":"https:\/\/images.futebolinterior.com.br\/2026\/02\/GUARANI-300x153.webp","resumo":""},"2419286":{"titulo":"Portuguesa trata duelo com a Ponte Preta como decis\u00e3o no Canind\u00e9","link":"https:\/\/www.futebolinterior.com.br\/tecnico-portuguesa-fala-paulistao-2\/","chapeu":"FOCO TOTAL","data":"03\/02\/2026","imagem":"https:\/\/images.futebolinterior.com.br\/2026\/02\/image-300x228.webp","resumo":"O t\u00e9cnico F\u00e1bio Mathias reconhece o momento e trata o pr\u00f3ximo compromisso, contra a Ponte Preta, no Canind\u00e9, como determinante"},"2419246":{"titulo":"Guarani pode ter receita 'gorda' na 2\u00aa fase do Paulist\u00e3o","link":"https:\/\/www.futebolinterior.com.br\/guarani-pode-ter-receita-gorda-na-2a-fase-do-paulistao\/","chapeu":"BLOG DO ARI","data":"03\/02\/2026","imagem":"https:\/\/images.futebolinterior.com.br\/2026\/02\/Guerreiros-Brinco-Guarani-300x148.webp","resumo":"Caso termine a 1\u00aa fase entre os quatro melhores, o regulamento indica que ser\u00e1 mandante do confronto \u00fanico pelas quartas-de-final"}}