{"2420162":{"titulo":"T\u00e9cnico do S\u00e3o Bernardo projeta decis\u00e3o contra o Novorizontino","link":"https:\/\/www.futebolinterior.com.br\/catala-projeta-sao-bernardo-x-novorizontino\/","chapeu":"FOCO TOTAL","data":"05\/02\/2026","imagem":"https:\/\/images.futebolinterior.com.br\/2026\/02\/catala-projeta-sao-bernardo-x-novorizontino-300x184.webp","resumo":"Vivendo um momento de equil\u00edbrio na tabela, o S\u00e3o Bernardo inicia a rodada na oitava coloca\u00e7\u00e3o, com oito pontos"},"2420153":{"titulo":"Paulist\u00e3o: Guarani tem a 2\u00aa melhor defesa da competi\u00e7\u00e3o","link":"https:\/\/www.futebolinterior.com.br\/paulistao-guarani-tem-2a-melhor-defesa\/","chapeu":"PARED\u00c3O!","data":"05\/02\/2026","imagem":"https:\/\/images.futebolinterior.com.br\/2026\/02\/55072474761_5dc6a29680_c-300x200.webp","resumo":"O Guarani soma 11 pontos e ocupa a quarta posi\u00e7\u00e3o na tabela, com apenas quatro gols sofridos nas seis primeiras rodadas."},"2420140":{"titulo":"Ponte Preta \u00e9 processada por atleta que sequer entrou em campo","link":"https:\/\/www.futebolinterior.com.br\/ponte-preta-processo-atleta-nao-jogou\/","chapeu":"QUE FASE!","data":"05\/02\/2026","imagem":"https:\/\/images.futebolinterior.com.br\/2026\/02\/HAWmnv0XcAAWjL1-300x193.webp","resumo":"A crise financeira na Ponte Preta parece n\u00e3o ter fim. Na tarde desta quarta-feira (04), mais dois atletas entraram na Justi\u00e7a contra o clube."},"2420099":{"titulo":"Paulist\u00e3o: Botafogo-SP zera departamento m\u00e9dico","link":"https:\/\/www.futebolinterior.com.br\/botafogo-sp-zera-departamento-medico\/","chapeu":"DE VOLTA!","data":"05\/02\/2026","imagem":"https:\/\/images.futebolinterior.com.br\/2026\/02\/Botafogo-SP-zera-departamento-medico-300x174.webp","resumo":"Os \u00faltimos jogadores que estavam sob cuidados m\u00e9dicos no Botafogo eramWallace Fortuna e Jeferson"},"2420087":{"titulo":"Red Bull Bragantino tem melhor in\u00edcio de temporada da hist\u00f3ria","link":"https:\/\/www.futebolinterior.com.br\/bragantino-melhor-inicio-de-temporada-da-historia\/","chapeu":"VOANDO","data":"05\/02\/2026","imagem":"https:\/\/images.futebolinterior.com.br\/2026\/02\/Bragantino-vive-melhor-inicio-de-temporada-de-sua-historia-300x200.webp","resumo":"Com oito jogos disputados, o Bragantino soma cinco vit\u00f3rias e tr\u00eas empates, alcan\u00e7ando um aproveitamento de 75%"},"2420015":{"titulo":"Presidente da Ponte Preta revela quanto pagou a Elvis ap\u00f3s cobran\u00e7a de R$ 8 milh\u00f5es","link":"https:\/\/www.futebolinterior.com.br\/presidente-da-ponte-preta-revela-quanto-pagou-a-elvis-apos-cobranca-de-r-8-milhoes\/","chapeu":"VEJA!","data":"05\/02\/2026","imagem":"https:\/\/images.futebolinterior.com.br\/2026\/02\/ELVIS-300x200.webp","resumo":"Presidente da Ponte Preta revelou acordo com Elvis ap\u00f3s a\u00e7\u00e3o judicial de R$ 8 milh\u00f5es. Negocia\u00e7\u00e3o foi fechada por R$ 300 mil antes do d\u00e9rbi contra o Guarani. Clube vive grave crise financeira e luta contra o rebaixamento no Paulist\u00e3o.\n"},"2419882":{"titulo":"Corinthians x Capivariano - Onde assistir, arbitragem e escala\u00e7\u00f5es","link":"https:\/\/www.futebolinterior.com.br\/corinthians-x-capivariano-onde-assistir-arbitragem-e-escalacoes\/","chapeu":"PRA VALER!","data":"04\/02\/2026","imagem":"https:\/\/images.futebolinterior.com.br\/2026\/02\/corinthians-capivariano-300x200.webp","resumo":"O duelo ser\u00e1 realizando nesta quinta-feira, \u00e0s 20h30, na Neo Qu\u00edmica Arena, pelo Paulist\u00e3o"},"2419818":{"titulo":"Matheus Anjos projeta duelo contra o S\u00e3o Paulo e confia em classifica\u00e7\u00e3o do Primavera","link":"https:\/\/www.futebolinterior.com.br\/matheus-anjos-fala-primavera-paulistao\/","chapeu":"FOCO TOTAL","data":"04\/02\/2026","imagem":"https:\/\/images.futebolinterior.com.br\/2026\/02\/image-300x240.webp","resumo":"Questionado sobre o que o clube precisa fazer nas \u00faltimas duas rodadas para conseguir avan\u00e7ar de fase, Matheus destacou que o Primavera vem fazendo bons jogos"},"2419709":{"titulo":"Portuguesa tem expectativa de Canind\u00e9 cheio contra a Ponte Preta","link":"https:\/\/www.futebolinterior.com.br\/portuguesa-tem-expectativa-de-caninde-cheio-contra-a-ponte-preta\/","chapeu":"CALDEIR\u00c3O","data":"04\/02\/2026","imagem":"https:\/\/images.futebolinterior.com.br\/2026\/02\/Portuguesa-SAF-300x200.webp","resumo":"Para o duelo contra a Ponte Preta, no s\u00e1bado (7), a Portuguesa refor\u00e7ou a opera\u00e7\u00e3o de acesso e espera Canind\u00e9 lotado"},"2419563":{"titulo":"\u00c1rbitro se desculpa ap\u00f3s pol\u00eamica em cl\u00e1ssico entre S\u00e3o Paulo e Santos no Paulist\u00e3o","link":"https:\/\/www.futebolinterior.com.br\/arbitro-se-desculpa-sao-paulo-santos-polemica\/","chapeu":"POL\u00caMICA","data":"04\/02\/2026","imagem":"https:\/\/images.futebolinterior.com.br\/2026\/02\/JoaoVitorGobi-SaoPaulo-Santos-San-Sao-Paulistao-2026-300x142.webp","resumo":"Jo\u00e3o Vitor Gobi pede desculpas por express\u00e3o inadequada no cl\u00e1ssico."}}