{"2207544":{"titulo":"S\u00e3o bento contrata ex-lateral do N\u00e1utico para a S\u00e9rie A2","link":"https:\/\/www.futebolinterior.com.br\/sao-bento-contrata-ex-lateral-do-nautico-para-a-serie-a2\/","chapeu":"FECHADO!","data":"04\/01\/2025","imagem":"https:\/\/images.futebolinterior.com.br\/2025\/01\/diego-300x200.webp","resumo":""},"2207314":{"titulo":"Paulist\u00e3o S\u00e9rie A2: Ituano acerta contrata\u00e7\u00e3o do lateral Dija, do Bragantino","link":"https:\/\/www.futebolinterior.com.br\/ituano-acerta-contratacao-dija\/","chapeu":"REFOR\u00c7O","data":"03\/01\/2025","imagem":"https:\/\/images.futebolinterior.com.br\/2025\/01\/Dija-Ituano-300x200.jpg","resumo":"\nO Ituano confirmou nesta sexta-feira (3) a chegada do lateral-direito Diego Kauan, mais conhecido como Dija\n"},"2206828":{"titulo":"Paulist\u00e3o S\u00e9rie A2: S\u00e3o Jos\u00e9 anuncia ex-Corinthians que estava aposentado","link":"https:\/\/www.futebolinterior.com.br\/paulistao-serie-a2-sao-jose-anuncia-ex-corinthians-que-estava-aposentado\/","chapeu":"CHEGOU","data":"02\/01\/2025","imagem":"https:\/\/images.futebolinterior.com.br\/2025\/01\/imagem_2025-01-02_181732471-300x251.png","resumo":"O S\u00e3o Jos\u00e9 anunciou nesta quinta-feira (02) a chegada do atacante Rodrigo Varanda, de 21 anos"},"2206690":{"titulo":"Paulist\u00e3o S\u00e9rie A2: Ituano contrata Menino da Vila","link":"https:\/\/www.futebolinterior.com.br\/paulistao-serie-a2-ituano-contrata-menino-da-vila\/","chapeu":"CHEGOU","data":"02\/01\/2025","imagem":"https:\/\/images.futebolinterior.com.br\/2025\/01\/imagem_2025-01-02_134022525-300x219.png","resumo":"O Ituano tenta uma temporada de recupera\u00e7\u00e3o em 2025, depois de sofrer rebaixamentos no Paulist\u00e3o e S\u00e9rie B no mesmo ano"},"2206084":{"titulo":"Paulist\u00e3o S\u00e9rie A2: FPF detalha tabela da primeira fase, confira","link":"https:\/\/www.futebolinterior.com.br\/paulistao-serie-a2-fpf-detalha-tabela-da-primeira-fase-confira\/","chapeu":"VEJA","data":"30\/12\/2024","imagem":"https:\/\/images.futebolinterior.com.br\/2024\/12\/PaulistaoA2Sicredi2025_Site_2-300x151.png","resumo":"A Federa\u00e7\u00e3o Paulista de Futebol (FPF) divulgou nesta segunda-feira (30) a tabela detalhada do Campeonato Paulista S\u00e9rie A2"},"2205864":{"titulo":"Artilheiro do Amor, Vagner Love pode refor\u00e7ar time do Paulist\u00e3o S\u00e9rie A2","link":"https:\/\/www.futebolinterior.com.br\/artilheiro-do-amor-vagner-love-pode-reforcar-time-do-paulistao-serie-a2\/","chapeu":"BOMBA!","data":"29\/12\/2024","imagem":"https:\/\/images.futebolinterior.com.br\/2024\/12\/Sao-Jose-encaminha-contratacao-de-Vagner-Love-300x169.jpeg","resumo":"O \u00faltimo clube de Vagner Love foi o Ava\u00ed, onde somou 24 partidas e tr\u00eas gols na temporada 2024"},"2205784":{"titulo":"Paulist\u00e3o S\u00e9rie A2: S\u00e3o Bento vence rival da divis\u00e3o em jogo-treino","link":"https:\/\/www.futebolinterior.com.br\/sao-bento-vence-rival-divisao\/","chapeu":"EXCELENTE","data":"29\/12\/2024","imagem":"https:\/\/images.futebolinterior.com.br\/2024\/12\/image-615-300x231.png","resumo":"O ano est\u00e1 acabando, mas os trabalhos no S\u00e3o Bento se intensificam a cada dia"},"2205597":{"titulo":"Paulist\u00e3o S\u00e9rie A2: S\u00e3o Jos\u00e9 apresenta novo preparador f\u00edsico","link":"https:\/\/www.futebolinterior.com.br\/sao-jose-apresenta-preparador-fisico\/","chapeu":"AO TRABALHO","data":"28\/12\/2024","imagem":"https:\/\/images.futebolinterior.com.br\/2024\/12\/image-600-300x199.png","resumo":"O S\u00e3o Jos\u00e9 contratou o preparador f\u00edsico Celso Eduardo Godoi da Silva para a temporada 2025"},"2205558":{"titulo":"Votuporanguense confirma mais dois refor\u00e7os para o Paulist\u00e3o S\u00e9rie A2","link":"https:\/\/www.futebolinterior.com.br\/votuporanguense-confirma-mais-dois-reforcos-para-o-paulistao-serie-a2\/","chapeu":"NOVAS PE\u00c7AS","data":"28\/12\/2024","imagem":"https:\/\/images.futebolinterior.com.br\/2024\/12\/Votuporanguense-contrata-mais-dois-reforcos-para-a-Serie-A2-300x194.png","resumo":"Com essas aquisi\u00e7\u00f5es, o Votuporanguense soma 11 refor\u00e7os confirmados para 2025"},"2205543":{"titulo":"Ituano contrata atacante ex-Chapecoense para o Paulist\u00e3o S\u00e9rie A2","link":"https:\/\/www.futebolinterior.com.br\/ituano-contrata-atacante-ex-chapecoense-para-o-paulistao-serie-a2\/","chapeu":"REFOR\u00c7O","data":"28\/12\/2024","imagem":"https:\/\/images.futebolinterior.com.br\/2024\/12\/Ituano-contrata-atacante-ex-Chapecoense-e-Sao-Bernardo-300x188.jpg","resumo":"Sob o comando do t\u00e9cnico Vin\u00edcius Munhoz, o Ituano estreia na S\u00e9rie A2 no fim de semana do dia 15 de janeiro"}}