{"2222901":{"titulo":"Primavera x Rio Claro -\u00a0Duelo de invictos no Paulist\u00e3o S\u00e9rie A2","link":"https:\/\/www.futebolinterior.com.br\/primavera-x-rio-claro-duelo-de-invictos-no-paulistao-serie-a2\/","chapeu":"OLHO NO G8","data":"31\/01\/2025","imagem":"https:\/\/images.futebolinterior.com.br\/2025\/01\/Primavera-e-Rio-Claro-se-enfrentam-na-Serie-A2-300x208.png","resumo":"Com nove pontos, o Primavera aparece na quinta coloca\u00e7\u00e3o, com cinco de vantagem para o Galo Azul, em 10\u00b0"},"2222820":{"titulo":"PAULIST\u00c3O S\u00c9RIE A2: XV de Piracicaba defende lideran\u00e7a, mas tem tr\u00eas times na cola","link":"https:\/\/www.futebolinterior.com.br\/paulistao-serie-a2-sexta-rodada\/","chapeu":"BRIGA BOA","data":"31\/01\/2025","imagem":"https:\/\/images.futebolinterior.com.br\/2025\/01\/XV-2-300x215.jpg","resumo":"A primeira fase do Paulist\u00e3o S\u00e9rie A2 n\u00e3o para e neste final de semana ser\u00e1 disputada a sexta rodada, de forma completa"},"2222906":{"titulo":"Paulist\u00e3o S\u00e9rie A2: Confira a escala de arbitragem da sexta rodada","link":"https:\/\/www.futebolinterior.com.br\/paulistao-serie-a2-confira-a-escala-de-arbitragem-da-sexta-rodada\/","chapeu":"DEFINIDO","data":"31\/01\/2025","imagem":"https:\/\/images.futebolinterior.com.br\/2025\/01\/Confira-a-escala-de-arbitragem-da-6a-rodada-da-Serie-A2-300x200.jpg","resumo":"A sexta rodada da S\u00e9rie A2 do Campeonato Paulista contar\u00e1 com quatro jogos no s\u00e1bado (01), e mais quatro no domingo (02)"},"2222426":{"titulo":"PLACAR FI: Confira os RESULTADOS desta QUINTA-FEIRA","link":"https:\/\/www.futebolinterior.com.br\/placar-fi-confira-os-resultados-desta-quinta-feira-15\/","chapeu":"PLACAR FI","data":"30\/01\/2025","imagem":"https:\/\/images.futebolinterior.com.br\/2025\/01\/Captura-de-Tela-2025-01-30-as-23.14.42-300x243.png","resumo":"O Portal Futebol Interior traz o PLACAR FI com todos os resultados desta quinta-feira (30)"},"2222539":{"titulo":"M\u00e1 campanha na A2 derruba t\u00e9cnico da Portuguesa Santista","link":"https:\/\/www.futebolinterior.com.br\/ma-campanha-na-a2-derruba-tecnico-da-portuguesa-santista\/","chapeu":"CAIU","data":"30\/01\/2025","imagem":"https:\/\/images.futebolinterior.com.br\/2025\/01\/Screenshot_202-300x209.jpg","resumo":"De forma interina, o auxiliar t\u00e9cnico Maur\u00edcio Ramos, integrante da comiss\u00e3o t\u00e9cnica fixa do clube, assume o comando da Briosa"},"2222447":{"titulo":"XV de Piracicaba bate Portuguesa Santista e reassume lideran\u00e7a do Paulist\u00e3o A2","link":"https:\/\/www.futebolinterior.com.br\/xv-de-piracicaba-bate-portuguesa-santista-e-reassume-lideranca-do-paulistao-a2\/","chapeu":"RESUM\u00c3O","data":"30\/01\/2025","imagem":"https:\/\/images.futebolinterior.com.br\/2025\/01\/XV-de-Piracicaba-lidera-o-Paulistao-Serie-A2-300x200.jpeg","resumo":"Com esta vit\u00f3ria, O XV passou a ter 13 pontos, um a mais do que o Oeste, vice-l\u00edder com 12"},"2221567":{"titulo":"Portuguesa Santista 0 x 1 XV de Piracicaba - Nh\u00f4 Quim invicto e l\u00edder do Paulist\u00e3o S\u00e9rie A2","link":"https:\/\/www.futebolinterior.com.br\/portuguesa-santista-0-x-1-xv-de-piracicaba-nho-quim-invicto-e-lider-do-paulistao-serie-a2\/","chapeu":"NA PONTA!","data":"30\/01\/2025","imagem":"https:\/\/images.futebolinterior.com.br\/2025\/01\/XV-de-Piracicaba-bate-Portuguesa-Santista-na-Serie-A2-300x189.png","resumo":"Com o resultado, o XV foi a 13 pontos, manteve sua invencibilidade e retomou a lideran\u00e7a, com um de vantagem para o Oeste"},"2222323":{"titulo":"Futebol Interior faz parceria com canal TV Cultura Paulista","link":"https:\/\/www.futebolinterior.com.br\/tv-cultura-paulista-e-futebol-interior\/","chapeu":"NOVIDADE","data":"30\/01\/2025","imagem":"https:\/\/images.futebolinterior.com.br\/2025\/01\/WhatsApp-Image-2025-01-30-at-11.40.55-300x225.jpeg","resumo":""},"2222265":{"titulo":"Paulist\u00e3o S\u00e9rie A2: Com dedo de Junior Rocha, Ferrovi\u00e1ria vence e entra no G4","link":"https:\/\/www.futebolinterior.com.br\/paulistao-serie-a2-com-dedo-de-junior-rocha-ferroviaria-vence-e-entra-no-g4\/","chapeu":"MANDOU BEM","data":"30\/01\/2025","imagem":"https:\/\/images.futebolinterior.com.br\/2025\/01\/image-676-300x157.png","resumo":""},"2222193":{"titulo":"Paulist\u00e3o S\u00e9rie A2: Moacir J\u00fanior exalta torcida do S\u00e3o Jos\u00e9 e explica mudan\u00e7as contra o Linense","link":"https:\/\/www.futebolinterior.com.br\/paulistao-serie-a2-moacir-junior-exalta-torcida-do-sao-jose-e-explica-mudancas-contra-o-linense\/","chapeu":"EM CASA","data":"30\/01\/2025","imagem":"https:\/\/images.futebolinterior.com.br\/2025\/01\/Moacir-Junior-exalta-torcida-do-Sao-Jose-300x170.png","resumo":"O S\u00e3o Jos\u00e9 se prepara para voltar a campo neste s\u00e1bado (01), quando a partir das 16h encara o Ituano"}}