{"2297531":{"titulo":"Bayern promete seriedade com Benfica para fugir do Flamengo nas oitavas do Mundial","link":"https:\/\/www.futebolinterior.com.br\/bayern-promete-seriedade-com-benfica-para-fugir-do-flamengo-nas-oitavas-do-mundial\/","chapeu":"FOCO!","data":"21\/06\/2025","imagem":"https:\/\/images.futebolinterior.com.br\/2025\/06\/bayern-300x188.webp","resumo":"O experiente goleiro Neuer foi outro representante do Bayern a engrandecer o futebol sul-americano."},"2297538":{"titulo":"Os argumentos da CBF para Brasil ser a sede do Mundial de Clubes em 2029","link":"https:\/\/www.futebolinterior.com.br\/os-argumentos-da-cbf-para-brasil-ser-a-sede-do-mundial-de-clubes-em-2029\/","chapeu":"VEJA!","data":"21\/06\/2025","imagem":"https:\/\/images.futebolinterior.com.br\/2025\/06\/FIFA-300x200.webp","resumo":"Espanha, Marrocos, Austr\u00e1lia\/Nova Zel\u00e2ndia e Estados Unidos tamb\u00e9m s\u00e3o postulantes a palco do novo torneio"},"2297532":{"titulo":"'Com a cabe\u00e7a que eu tenho hoje, teria ganhado a Bola de Ouro', diz Adriano Imperador","link":"https:\/\/www.futebolinterior.com.br\/com-a-cabeca-que-eu-tenho-hoje-teria-ganhado-a-bola-de-ouro-diz-adriano-imperador\/","chapeu":"TALVEZ!","data":"21\/06\/2025","imagem":"https:\/\/images.futebolinterior.com.br\/2025\/06\/adriano-300x225.webp","resumo":"Sem o seu alicerce, o jogador acabou se entregando \u00e0s noitadas, com farra com muitas mulheres e bebidas"},"2297527":{"titulo":"Agenda do Mundial de Clubes: confira hor\u00e1rio e onde assistir aos jogos deste s\u00e1bado","link":"https:\/\/www.futebolinterior.com.br\/agenda-do-mundial-de-clubes-confira-horario-e-onde-assistir-aos-jogos-deste-sabado\/","chapeu":"CONFIRA!","data":"21\/06\/2025","imagem":"https:\/\/images.futebolinterior.com.br\/2025\/06\/Mundial-1-300x187.webp","resumo":"O primeiro confronto do dia ser\u00e1 entre Mamelodi Sundowns e Borussia Dortmund, pelo Grupo F."},"2297521":{"titulo":"O que esperar do Fluminense contra o Ulsan no Mundial?","link":"https:\/\/www.futebolinterior.com.br\/o-que-esperar-do-fluminense-contra-o-ulsan-no-mundial\/","chapeu":"SE LIGA!","data":"21\/06\/2025","imagem":"https:\/\/images.futebolinterior.com.br\/2025\/06\/54597068618_5a3822bbb6_c-300x200.webp","resumo":"O que tamb\u00e9m anima os torcedores tricolores s\u00e3o os poss\u00edveis retornos ao time titular."},"2297508":{"titulo":"MUNDIAL: Fluminense e Inter de Mil\u00e3o buscam a primeira vit\u00f3ria\u00a0","link":"https:\/\/www.futebolinterior.com.br\/mundial-fluminense-e-inter-de-milao-buscam-a-primeira-vitoria\/","chapeu":"TEM JOGO!","data":"21\/06\/2025","imagem":"https:\/\/images.futebolinterior.com.br\/2025\/06\/fluminense-300x169.webp","resumo":"O Placar Ao Vivo do Portal Futebol Interior acompanha todos os jogos do Mundial de Clubes "},"2297472":{"titulo":"Bayern 2 x 1 Boca Jrs - Alem\u00e3es se garantem no mata-mata e complica hermanos","link":"https:\/\/www.futebolinterior.com.br\/bayern-2-x-1-boca-jrs-alemaes-se-garantem-no-mata-mata-e-complica-hermanos\/","chapeu":"CLASSIFICADOS","data":"21\/06\/2025","imagem":"https:\/\/images.futebolinterior.com.br\/2025\/06\/Screenshot_721-300x230.webp","resumo":"Com seis pontos, o Bayern de Munique est\u00e1 nas oitavas de finais pelo Grupo C; Boca \u00e9 o terceiro, com um ponto"},"2296972":{"titulo":"PLACAR FI: FLAMENGO encarou Chelsea. Confira RESULTADOS de SEXTA-FEIRA","link":"https:\/\/www.futebolinterior.com.br\/placar-fi-flamengo-encarou-chelsea-confira-resultados-de-sexta-feira\/","chapeu":"PLACAR FI","data":"21\/06\/2025","imagem":"https:\/\/images.futebolinterior.com.br\/2025\/06\/Screenshot_717-300x164.webp","resumo":"O Portal Futebol Interior traz o PLACAR FI com todos os resultados desta sexta-feira (20)"},"2297465":{"titulo":"Botafogo volta a melhor fase e vence o 'melhor' da Europa","link":"https:\/\/www.futebolinterior.com.br\/botafogo-volta-a-melhor-fase-e-vence-o-melhor-da-europa\/","chapeu":"OPINI\u00c3O FI","data":"20\/06\/2025","imagem":"https:\/\/images.futebolinterior.com.br\/2025\/06\/Yor-Jesus-gol-Victgor-Silva-BFR-300x268.webp","resumo":"A repercuss\u00e3o desta vit\u00f3ria e a extraordin\u00e1ria exibi\u00e7\u00e3o do Botafogo, foi exaltada pela imprensa esportiva de todo o mundo, at\u00e9 da Fran\u00e7a"},"2297459":{"titulo":"Filipe Luis s\u00f3 mostrou os dentes ap\u00f3s o 3\u00ba gol do Flamengo","link":"https:\/\/www.futebolinterior.com.br\/filipe-luis-so-mostrou-os-dentes-apos-o-3o-gol-do-flamengo\/","chapeu":"BLOG DO ARI","data":"20\/06\/2025","imagem":"https:\/\/images.futebolinterior.com.br\/2025\/06\/forca-coletiva-flamengo-vitoria-chelsea-300x200.webp","resumo":""}}