{"2496775":{"titulo":"Paulista inicia nova era ap\u00f3s oficializar SAF e acelera reestrutura\u00e7\u00e3o","link":"https:\/\/www.futebolinterior.com.br\/paulista-inicia-nova-era-apos-oficializar-saf-e-acelera-reestruturacao\/","chapeu":"NOVA ERA","data":"30\/06\/2026","imagem":"https:\/\/images.futebolinterior.com.br\/2026\/06\/Screenshot_78-300x230.webp","resumo":"O acordo foi fechado entre diretoria, conselho, comit\u00ea de transi\u00e7\u00e3o e representantes da Exa Capital"},"2496627":{"titulo":"Uni\u00e3o S\u00e3o Jo\u00e3o segue em prepara\u00e7\u00e3o para a Copa Paulista","link":"https:\/\/www.futebolinterior.com.br\/uniao-sao-joao-em-preparacao\/","chapeu":"AMISTOSOS","data":"30\/06\/2026","imagem":"https:\/\/images.futebolinterior.com.br\/2026\/06\/g4eimIVs-image-300x137.webp","resumo":"Mais do que o resultado, os amistosos t\u00eam sido fundamentais para que a comiss\u00e3o t\u00e9cnica avalie o elenco e fortale\u00e7a o entrosamento"},"2496571":{"titulo":"Em prepara\u00e7\u00e3o, Paulista empata em amistoso com Santo Andr\u00e9","link":"https:\/\/www.futebolinterior.com.br\/paulista-empata-em-amistoso-santo-andre\/","chapeu":"FOCADO","data":"30\/06\/2026","imagem":"https:\/\/images.futebolinterior.com.br\/2026\/06\/DRdBU7IJ-image-300x170.webp","resumo":"O confronto foi importante para ajustes t\u00e1ticos do t\u00e9cnico Vin\u00edcius Munhoz, al\u00e9m da avalia\u00e7\u00e3o do entrosamento e da observa\u00e7\u00e3o do elenco"},"2496498":{"titulo":"Noroeste mira Copa Paulista e j\u00e1 anuncia novo refor\u00e7o","link":"https:\/\/www.futebolinterior.com.br\/noroeste-mira-copa-paulista-reforco\/","chapeu":"CHEGANDO","data":"30\/06\/2026","imagem":"https:\/\/images.futebolinterior.com.br\/2026\/06\/yJASsfqX-image-300x121.webp","resumo":"A equipe alvirrubra estreia na nova fase no pr\u00f3ximo dia 22 de julho, fora de casa, diante do Comercial"},"2496449":{"titulo":"Juventus empata com o S\u00e3o Paulo no CT da Barra Funda","link":"https:\/\/www.futebolinterior.com.br\/juventus-empata-sao-paulo-barra-funda\/","chapeu":"AMISTOSO","data":"30\/06\/2026","imagem":"https:\/\/images.futebolinterior.com.br\/2026\/06\/82MaYJAZ-image-300x143.webp","resumo":"A atividade foi disputada em dois tempos de 45 minutos e seguiu o formato de jogo-treino, sem car\u00e1ter oficial, com substitui\u00e7\u00f5es livres"},"2496153":{"titulo":"Mar\u00edlia e Comercial fazem amistoso visando Copa Paulista","link":"https:\/\/www.futebolinterior.com.br\/comercial-marilia-amistoso\/","chapeu":"JOGO-TREINO","data":"30\/06\/2026","imagem":"https:\/\/images.futebolinterior.com.br\/2026\/06\/PFLE81RF-image-300x150.webp","resumo":"O amistoso ser\u00e1 o primeiro compromisso do Comercial diante de um advers\u00e1rio que tamb\u00e9m disputar\u00e1 a Copa Paulista"},"2496391":{"titulo":"Linense oficializa laterais para a disputa da Copa Paulista","link":"https:\/\/www.futebolinterior.com.br\/linense-oficializa-laterais-para-a-disputa-da-copa-paulista\/","chapeu":"ELENCO","data":"30\/06\/2026","imagem":"https:\/\/images.futebolinterior.com.br\/2026\/06\/LINENSE-300x152.webp","resumo":"Chegam ao clube Watson, de 32 anos, David Luiz, de 31, e David Anthony, de 20 anos"},"2496367":{"titulo":"Luto! Ex-jogador do Mar\u00edlia morre ap\u00f3s tr\u00e1gico acidente de moto","link":"https:\/\/www.futebolinterior.com.br\/luto-ex-jogador-do-marilia-morre-acidente-de-moto\/","chapeu":"TRISTE!","data":"30\/06\/2026","imagem":"https:\/\/images.futebolinterior.com.br\/2026\/06\/luto-morre-ex-jogador-do-marilia-300x167.webp","resumo":"Natural de Mar\u00edlia, Maycon ganhou o apelido de Dagoberto nas categorias de base do clube paulista"},"2496029":{"titulo":"Linense refor\u00e7a o gol com tr\u00eas contrata\u00e7\u00f5es para a Copa Paulista","link":"https:\/\/www.futebolinterior.com.br\/linense-reforca-gol-copa-paulista\/","chapeu":"PACOT\u00c3O","data":"29\/06\/2026","imagem":"https:\/\/images.futebolinterior.com.br\/2026\/06\/y5k9xdDS-image-300x152.webp","resumo":"Al\u00e9m dos refor\u00e7os para o gol, a diretoria segue trabalhando na montagem do elenco para a sequ\u00eancia da temporada"},"2494987":{"titulo":"Santo Andr\u00e9 contrata lateral experiente para a Copa Paulista","link":"https:\/\/www.futebolinterior.com.br\/santo-andre-contrata-lateral-experiente-para-a-copa-paulista\/","chapeu":"REFOR\u00c7O","data":"26\/06\/2026","imagem":"https:\/\/images.futebolinterior.com.br\/2026\/06\/EDUARDO-DINIZ-300x151.webp","resumo":"Santo Andr\u00e9 oficializa a contrata\u00e7\u00e3o de Eduardo Diniz, lateral-direito que disputou o Paulist\u00e3o A2 RIVALO pelo Taubat\u00e9"}}