{"2502035":{"titulo":"Copa Paulista: Noroeste anuncia sa\u00edda de Artur Melo","link":"https:\/\/www.futebolinterior.com.br\/copa-paulista-noroeste-saida-artur-melo\/","chapeu":"SA\u00cdDA","data":"13\/07\/2026","imagem":"https:\/\/images.futebolinterior.com.br\/2026\/07\/image-300x205.webp","resumo":"Eliminado pela Portuguesa-RJ na terceira fase da S\u00e9rie D, o Noroeste agora volta suas aten\u00e7\u00f5es para a disputa da Copa Paulista"},"2501887":{"titulo":"Marchiori valoriza metas alcan\u00e7adas no XV de Piracicaba ap\u00f3s elimina\u00e7\u00e3o","link":"https:\/\/www.futebolinterior.com.br\/marchiori-valoriza-metas-alcancadas-no-xv-apos-eliminacao\/","chapeu":"FALA, PROFESSOR","data":"13\/07\/2026","imagem":"https:\/\/images.futebolinterior.com.br\/2026\/03\/Fernando-Marchiori-300x154.webp","resumo":"Fernando Marchiori destacou a import\u00e2ncia de garantir calend\u00e1rio ao XV de Piracicaba e avaliou os objetivos estabelecidos desde sua chegada "},"2500962":{"titulo":"S\u00e3o Caetano anuncia Marcos Bruno para a Copa Paulista","link":"https:\/\/www.futebolinterior.com.br\/sao-caetano-anuncia-marcos-bruno\/","chapeu":"CHEGANDO","data":"10\/07\/2026","imagem":"https:\/\/images.futebolinterior.com.br\/2026\/07\/WKP0AfHv-image.webp","resumo":"Marcos Bruno comemorou a oportunidade de dirigir um clube tradicional do futebol paulista e destacou a motiva\u00e7\u00e3o para o novo desafio"},"2500868":{"titulo":"Noroeste oficializa empr\u00e9stimo de atacante ao Confian\u00e7a-SE","link":"https:\/\/www.futebolinterior.com.br\/noroeste-oficializa-emprestimo-de-atacante-ao-confianca-se\/","chapeu":"NEGOCIADO","data":"10\/07\/2026","imagem":"https:\/\/images.futebolinterior.com.br\/2026\/07\/PEDRO-FELIPE-300x148.webp","resumo":"Noroeste confirma o empr\u00e9stimo do atacante Pedro Felipe ao Confian\u00e7a para a sequ\u00eancia da S\u00e9rie C do Campeonato Brasileiro"},"2500828":{"titulo":"S\u00e3o Jos\u00e9 anuncia jovem revela\u00e7\u00e3o ex-Sport para Copa Paulista","link":"https:\/\/www.futebolinterior.com.br\/sao-jose-anunca-jovem-revelacao\/","chapeu":"FECHADO","data":"10\/07\/2026","imagem":"https:\/\/images.futebolinterior.com.br\/2026\/07\/image-300x109.webp","resumo":"Ambidestro, Micael iniciou sua trajet\u00f3ria nas categorias de base do Sport, onde conquistou quatro t\u00edtulos. Pelo clube pernambucano"},"2500705":{"titulo":"Linense fecha elenco e apresenta grupo para Copa Paulista","link":"https:\/\/www.futebolinterior.com.br\/linense-fecha-elenco-e-apresenta-grupo-para-copa-paulista\/","chapeu":"CONFIRMADO","data":"10\/07\/2026","imagem":"https:\/\/images.futebolinterior.com.br\/2026\/07\/IMG_5599-300x154.webp","resumo":"Diretoria ainda aguarda dois volantes que estavam na S\u00e9rie D e se apresentam nesta semana."},"2500650":{"titulo":"Uni\u00e3o S\u00e3o Jo\u00e3o faz teste com gigantes antes da Copa Paulista; entenda","link":"https:\/\/www.futebolinterior.com.br\/uniao-sao-joao-faz-teste-com-gigantes-antes-da-copa-paulista-entenda\/","chapeu":"PREPARO","data":"10\/07\/2026","imagem":"https:\/\/images.futebolinterior.com.br\/2026\/07\/IMG_5590-300x166.webp","resumo":""},"2500643":{"titulo":"Juventus provoca torcida com post enigm\u00e1tico sobre a Javari","link":"https:\/\/www.futebolinterior.com.br\/juventus-provoca-torcida-com-post-enigmatico-sobre-a-javari\/","chapeu":"ENIGMA","data":"10\/07\/2026","imagem":"https:\/\/images.futebolinterior.com.br\/2026\/07\/IMG_5589-300x144.webp","resumo":"Clube iniciou obras, mas aguarda autoriza\u00e7\u00e3o dos \u00f3rg\u00e3os municipais."},"2500530":{"titulo":"S\u00e3o Jos\u00e9 confirma meia ex-S\u00e3o Bernardo\u00a0na Copa Paulista","link":"https:\/\/www.futebolinterior.com.br\/sao-jose-confirma-meia-ex-sao-bernarndo-para-a-disputa-da-copa-paulista\/","chapeu":"MERCADO","data":"09\/07\/2026","imagem":"https:\/\/images.futebolinterior.com.br\/2026\/07\/Vitinho-300x159.webp","resumo":"\"Na hora em que recebi o convite, fiquei muito feliz. Outros jogadores j\u00e1 tinham passado por aqui e falado muito bem do clube\", declarou"},"2500377":{"titulo":"Comercial oficializa novo gerente de futebol antes da Copa Paulista","link":"https:\/\/www.futebolinterior.com.br\/comercial-oficializa-novo-gerente-de-futebol-antes-da-copa-paulista\/","chapeu":"FECHADO","data":"09\/07\/2026","imagem":"https:\/\/images.futebolinterior.com.br\/2026\/07\/FERNANDO-GIL-300x154.webp","resumo":"Fernando Gil \u00e9 confirmado como novo gerente de futebol do Comercial e ter\u00e1 a miss\u00e3o de dar sequ\u00eancia ao planejamento para a Copa Paulista"}}