{"2303110":{"titulo":"Copa Paulista: Portuguesa Santista chega ao 7\u00ba jogo seguido sem perder no ano","link":"https:\/\/www.futebolinterior.com.br\/copa-paulista-portuguesa-santista-chega-ao-7o-jogo-seguido-sem-perder-no-ano\/","chapeu":"SEQU\u00caNCIA","data":"30\/06\/2025","imagem":"https:\/\/images.futebolinterior.com.br\/2025\/06\/8c7c8f79-2118-42d0-bcc6-d551c41d2388-300x216.webp","resumo":"Nesta segunda-feira (30), a equipe registrou mais um refor\u00e7o; trata-se do atacante Vin\u00edcius Lopes, de 20 anos, que defendeu o Ol\u00edmpia "},"2302823":{"titulo":"T\u00e9cnico do Guarani quer fazer o dever de casa na Copa Paulista","link":"https:\/\/www.futebolinterior.com.br\/tecnico-guarani-fala-copa-paulista\/","chapeu":"FOCO TOTAL","data":"30\/06\/2025","imagem":"https:\/\/images.futebolinterior.com.br\/2025\/06\/0Lvej0cZ-image-300x201.webp","resumo":"O t\u00e9cnico do Guarani B, Marcelo Cordeiro, classificou o confronto como um dos mais dif\u00edceis desta fase, elogiando a tradi\u00e7\u00e3o e a competitividade do advers\u00e1rio"},"2302814":{"titulo":"Copa Paulista: Francana, gest\u00e3o e o futuro do futebol profissional em pauta","link":"https:\/\/www.futebolinterior.com.br\/francana-tem-evento-nesta-segunda-feira\/","chapeu":"\u00c9 HOJE","data":"30\/06\/2025","imagem":"https:\/\/images.futebolinterior.com.br\/2025\/06\/lR6bULk4-image-300x280.webp","resumo":"O vereador Frans\u00e9rgio Garcia Bras (PL), representando a C\u00e2mara Municipal de Franca, junto ao Conselho Deliberativo da Associa\u00e7\u00e3o Atl\u00e9tica Francana, convida toda a popula\u00e7\u00e3o"},"2302790":{"titulo":"Copa Paulista: Noroeste completa 13 jogos seguidos sem vencer na temporada","link":"https:\/\/www.futebolinterior.com.br\/copa-paulista-noroeste-completa-13-jogos-seguidos-sem-vencer-na-temporada\/","chapeu":"JEJUM","data":"30\/06\/2025","imagem":"https:\/\/images.futebolinterior.com.br\/2025\/06\/2602143a-2422-4dec-a18f-d7202819dfa0-300x216.webp","resumo":"Se a \u00faltima vit\u00f3ria aconteceu somente na primeira partida de 2025, a \u00faltima vez que o Noroeste venceu em Bauru, j\u00e1 passou de um ano"},"2302732":{"titulo":"Gandula amea\u00e7a \u00e1rbitro em vit\u00f3ria do Uni\u00e3o S\u00e3o Jo\u00e3o na Copa Paulista","link":"https:\/\/www.futebolinterior.com.br\/gandula-ameaca-arbitro-em-vitoria-do-uniao-sao-joao-na-copa-paulista\/","chapeu":"TENSO!","data":"30\/06\/2025","imagem":"https:\/\/images.futebolinterior.com.br\/2025\/06\/Captura-de-Tela-2025-06-30-as-11.45.36-300x204.webp","resumo":"Com a vit\u00f3ria, o Uni\u00e3o chegou aos quatro pontos no Grupo 2 da Copa Paulista, mesma pontua\u00e7\u00e3o da Inter"},"2302726":{"titulo":"Mascote invade campo e xinga \u00e1rbitro ap\u00f3s derrota do Rio Branco na Copa Paulista","link":"https:\/\/www.futebolinterior.com.br\/mascote-invade-campo-e-xinga-arbitro-apos-derrota-do-rio-branco-na-copa-paulista\/","chapeu":"EITA!","data":"30\/06\/2025","imagem":"https:\/\/images.futebolinterior.com.br\/2025\/06\/Captura-de-Tela-2025-06-30-as-11.39.07-300x202.webp","resumo":"O Rio Branco segue com apenas um ponto e press\u00e3o por recupera\u00e7\u00e3o nas pr\u00f3ximas rodadas."},"2302679":{"titulo":"Copa Paulista: Marcelo Marelli completa 24 jogos no ano com s\u00f3 10 gols sofridos","link":"https:\/\/www.futebolinterior.com.br\/copa-paulista-marcelo-marelli-completa-24-jogos-no-ano-com-so-10-gols-sofridos\/","chapeu":"DEFESA FORTE","data":"30\/06\/2025","imagem":"https:\/\/images.futebolinterior.com.br\/2025\/06\/Imagem-do-WhatsApp-de-2025-06-30-as-10.57.04_22893708-300x220.webp","resumo":"Nas \u00faltimas 36 partidas oficiais na carreira, foram apenas cinco derrotas, al\u00e9m de 19 vit\u00f3rias e 12 empates com aproveitamento de 63,8%"},"2302660":{"titulo":"Copa Paulista: T\u00e9cnico do Primavera sobre vit\u00f3ria: \"Fizemos um grande 1\u00ba tempo\"","link":"https:\/\/www.futebolinterior.com.br\/copa-paulista-tecnico-do-primavera-sobre-vitoria-fizemos-um-grande-1o-tempo\/","chapeu":"INVICTO","data":"30\/06\/2025","imagem":"https:\/\/images.futebolinterior.com.br\/2025\/06\/Imagem-do-WhatsApp-de-2025-06-30-as-10.06.09_59e65d8d-300x237.webp","resumo":"O Primavera volta a campo nesta sexta-feira (4), \u00e0s 20h, contra o XV de Piracicaba, no est\u00e1dio Bar\u00e3o de Serra Negra, em Piracicaba"},"2302492":{"titulo":"Oeste x Taubat\u00e9 - Onde assistir e escala\u00e7\u00f5es","link":"https:\/\/www.futebolinterior.com.br\/oeste-x-taubate-copa-paulista\/","chapeu":"COPA PAULISTA","data":"29\/06\/2025","imagem":"https:\/\/images.futebolinterior.com.br\/2025\/06\/Oeste-e-Taubate-se-enfrentam-na-Copa-Paulista-300x204.webp","resumo":"O Oeste estreou na Copa Paulista com vit\u00f3ria por 1 a 0 sobre o S\u00e3o Caetano, tamb\u00e9m em Osasco"},"2302482":{"titulo":"Guarani x XV de Piracicaba - Copa Paulista come\u00e7a a esquentar","link":"https:\/\/www.futebolinterior.com.br\/guarani-x-xv-de-piracicaba\/","chapeu":"JOG\u00c3O","data":"29\/06\/2025","imagem":"https:\/\/images.futebolinterior.com.br\/2025\/06\/SaveClip.App_510967911_18516176446024421_116054718325498943_n-300x200.webp","resumo":" A partida marca a disputa pelas primeiras posi\u00e7\u00f5es do Grupo 3"}}