{"2304193":{"titulo":"PLACAR FI: COME-FOGO na Copa Paulista. Confira RESULTADOS de QUARTA-FEIRA","link":"https:\/\/www.futebolinterior.com.br\/placar-fi-come-fogo-na-copa-paulista-confira-resultados-de-quarta-feira\/","chapeu":"PLACAR FI","data":"02\/07\/2025","imagem":"https:\/\/images.futebolinterior.com.br\/2025\/07\/Screenshot_758-300x176.webp","resumo":"O Portal Futebol Interior traz o PLACAR FI com todos os resultados desta quarta-feira (02)"},"2304646":{"titulo":"Comercial 1 x 0 Botafogo - Bafo quebra tabu e segue 100% na Copa Paulista","link":"https:\/\/www.futebolinterior.com.br\/comercial-1-x-0-botafogo-bafo-quebra-tabu-e-segue-100-na-copa-paulista\/","chapeu":"DEU BAFO!","data":"02\/07\/2025","imagem":"https:\/\/images.futebolinterior.com.br\/2025\/07\/WhatsApp-Image-2025-07-02-at-20.56.48-300x200.webp","resumo":"A \u00faltima vit\u00f3ria do Comercial no cl\u00e1ssico havia\u00a0ocorrido em 2014, por 3 a 0, tamb\u00e9m pela Copa Paulista. "},"2304709":{"titulo":"Imprensa Esportiva! R\u00e1dio Luzes detalha incidentes verificados em Americana no s\u00e1bado","link":"https:\/\/www.futebolinterior.com.br\/imprensa-esportiva-radio-luzes-detalha-incidentes-verificados-em-americana-no-sabado\/","chapeu":"VEJA!","data":"02\/07\/2025","imagem":"https:\/\/images.futebolinterior.com.br\/2025\/07\/MfS12hio-image.webp","resumo":"No s\u00e1bado, integrantes de uma torcida do Rio Branco, intimidaram os integrantes da R\u00e1dio Luzes de Santa B\u00e1rbara D\u00b4Oeste"},"2304644":{"titulo":"Copa Paulista: Ara\u00e7atuba rescinde com zagueiro; e Francana contrata meia","link":"https:\/\/www.futebolinterior.com.br\/copa-paulista-aracatuba-rescinde-com-zagueiro-e-francana-contrata-meia\/","chapeu":"BID","data":"02\/07\/2025","imagem":"https:\/\/images.futebolinterior.com.br\/2025\/07\/6f79c78f-291e-4b45-8ebd-9b55ea635167-300x229.webp","resumo":"Ara\u00e7atuba rescindiu o contrato do zagueiro Wellerson Uberaba, de 29 anos, que foi titular na vit\u00f3ria sobre o Noroeste (2 a 0), em casa"},"2304398":{"titulo":"Botafogo-SP acerta a contrata\u00e7\u00e3o de zagueiro do Flamengo","link":"https:\/\/www.futebolinterior.com.br\/botafogo-sp-contrata-zagueiro-flamengo\/","chapeu":"ENCAMINHADO","data":"02\/07\/2025","imagem":"https:\/\/images.futebolinterior.com.br\/2025\/07\/darlan-300x190.webp","resumo":"O\u00a0Botafogo-SP encaminhou nesta ter\u00e7a-feira (01), mais um refor\u00e7o para a Copa Paulista. "},"2304372":{"titulo":"Copa Paulista: Gr\u00eamio Prudente acerta com centroavante do Brasileiro S\u00e9rie D","link":"https:\/\/www.futebolinterior.com.br\/copa-paulista-gremio-prudente-acerta-com-centroavante-do-brasileiro-serie-d\/","chapeu":"REFOR\u00c7O","data":"02\/07\/2025","imagem":"https:\/\/images.futebolinterior.com.br\/2025\/07\/saveclip.app-497168187-183496976-300x172.webp","resumo":"Refor\u00e7oest\u00e1 \u00e0 disposi\u00e7\u00e3o do t\u00e9cnico Rog\u00e9rio Corr\u00eaa, para o jogo do Gr\u00eamio Prudente neste s\u00e1bado (5), \u00e0s 17h, contra o Ara\u00e7atuba"},"2304136":{"titulo":"Copa Paulista: Wantuil Rodrigues e seu legado na Francana","link":"https:\/\/www.futebolinterior.com.br\/wantuil-e-seu-trabalho-na-francana\/","chapeu":"NO COMANDO","data":"02\/07\/2025","imagem":"https:\/\/images.futebolinterior.com.br\/2025\/07\/image-300x201.webp","resumo":"O pr\u00f3ximo compromisso da equipe comandada por Wantuil Rodrigues ser\u00e1 no s\u00e1bado (5 de julho), \u00e0s 17h, fora de casa, contra o Uni\u00e3o S\u00e3o Jo\u00e3o, em Araras"},"2304033":{"titulo":"Treinador da Inter de Limeira elogia elenco que disputa duas competi\u00e7\u00f5es paralelas","link":"https:\/\/www.futebolinterior.com.br\/tecnico-inter-de-limeira-elogia-elenco\/","chapeu":"EM ALTA","data":"02\/07\/2025","imagem":"https:\/\/images.futebolinterior.com.br\/2025\/07\/2Nt3PYA6-image-300x236.webp","resumo":"A vit\u00f3ria por 2 a 0 sobre o Cianorte e a derrota por 1 a 0 para o Uni\u00e3o S\u00e3o Jo\u00e3o mant\u00eam o time em boa campanha nas duas competi\u00e7\u00f5es"},"2304015":{"titulo":"Come-Fogo aquece a Copa Paulista com rivalidade hist\u00f3rica e supera\u00e7\u00e3o de Pedro Severino","link":"https:\/\/www.futebolinterior.com.br\/come-fogo-movimenta-copa-paulista\/","chapeu":"VAI PEGAR FOGO","data":"02\/07\/2025","imagem":"https:\/\/images.futebolinterior.com.br\/2025\/07\/image-300x179.webp","resumo":"O lend\u00e1rio camaron\u00eas Samuel Eto\u2019o participou de um amistoso beneficente entre os dois times, refor\u00e7ados por \u00eddolos do passado"},"2303891":{"titulo":"Embalado, XV de Piracicaba abre semana para manter lideran\u00e7a da Copa Paulista","link":"https:\/\/www.futebolinterior.com.br\/xv-de-piracicaba-abre-semana-cp\/","chapeu":"FOCO TOTAL","data":"01\/07\/2025","imagem":"https:\/\/images.futebolinterior.com.br\/2025\/07\/Screenshot-2025-07-01-at-20-42-23-GuzmW1-XoAAnH5j-imagem-JPEG-496-\u00d7-680-pixels-300x285.webp","resumo":"Embalado, XV de Piracicaba abre semana para manter lideran\u00e7a da Copa Paulista"}}