{"2323975":{"titulo":"XV de Piracicaba 1 x 0 Guarani - Mesmo classificado, Nh\u00f4 Quim vence Bugre","link":"https:\/\/www.futebolinterior.com.br\/xv-de-piracicaba-0-x-0-guarani\/","chapeu":"A\u00cd SIM","data":"01\/08\/2025","imagem":"https:\/\/images.futebolinterior.com.br\/2025\/08\/xv-300x212.webp","resumo":"XV de Piracicaba vence Guarani e mant\u00e9m lideran\u00e7a do Grupo 3 da Copa Paulista"},"2324078":{"titulo":"COPA PAULISTA: XV de Piracicaba vence Guarani e Oeste leva melhor em duelo direto","link":"https:\/\/www.futebolinterior.com.br\/copa-paulista-xv-de-piracicaba-oeste\/","chapeu":"SEXTOU","data":"01\/08\/2025","imagem":"https:\/\/images.futebolinterior.com.br\/2025\/08\/abre-300x231.webp","resumo":"Tr\u00eas partidas deram sequ\u00eancia na disputa da oitava e pen\u00faltima rodada da primeira fase da Copa Paulista Sicredi no decorrer do dia desta sexta-feira (01)"},"2323966":{"titulo":"Taubat\u00e9 1 x 2 Oeste - Rubr\u00e3o vira e segue no G4 do Grupo 04 da Copa Paulista","link":"https:\/\/www.futebolinterior.com.br\/taubate-1-x-2-oeste-rubrao-vira-e-segue-no-g4-do-grupo-04-da-copa-paulista\/","chapeu":"DE VIRADA","data":"01\/08\/2025","imagem":"https:\/\/images.futebolinterior.com.br\/2025\/08\/WhatsApp-Image-2025-08-01-at-20.28.56-300x200.webp","resumo":"Com gols de Jo\u00e3o Braga e Renato, o Oeste chegou a 10 pontos na chave, assumindo momentaneamente a vice lideran\u00e7a."},"2323967":{"titulo":"Luto! Os Jecas fazem homenagem a Maju, s\u00edmbolo no Taubat\u00e9","link":"https:\/\/www.futebolinterior.com.br\/luto-os-jecas-fazem-homenagem-a-maju-simbolo-no-taubate\/","chapeu":"S\u00cdMBOLO","data":"01\/08\/2025","imagem":"https:\/\/images.futebolinterior.com.br\/2025\/08\/Maju-eterna-Victor-Consoli-Taubate-300x178.webp","resumo":"Um grupo de torcedores da Torcida Organizada OS JECAS fez uma homenagem \u00e0 torcedora Maju, que morreu na semana passada."},"2323907":{"titulo":"Exclusivo! EC S\u00e3o Bernardo cria sua marca pr\u00f3pria: a Cachorr\u00e3o","link":"https:\/\/www.futebolinterior.com.br\/exclusivo-ec-sao-bernardo-cria-sua-marca-propria-a-cachorrao\/","chapeu":"A\u00cd SIM","data":"01\/08\/2025","imagem":"https:\/\/images.futebolinterior.com.br\/2025\/08\/Screenshot_15-300x216.webp","resumo":"O Esporte Clube S\u00e3o Bernardo se prepara para um importante passo em sua hist\u00f3ria: ainda em 2025, o clube lan\u00e7ar\u00e1 oficialmente a Cachorr\u00e3o"},"2323442":{"titulo":"S\u00e3o Jos\u00e9 x Santo Andr\u00e9 - L\u00edder e lanterna se enfrentam pela 8\u00aa rodada","link":"https:\/\/www.futebolinterior.com.br\/sao-jose-x-santo-andre-lider-e-lanterna-se-enfrentam-pela-8a-rodada\/","chapeu":"COPA PAULISTA","data":"01\/08\/2025","imagem":"https:\/\/images.futebolinterior.com.br\/2025\/08\/Imagem-do-WhatsApp-de-2025-08-01-as-10.09.06_5f035b1b-300x220.webp","resumo":"Desde a chegada do t\u00e9cnico Renato Peixe, o Santo Andr\u00e9 est\u00e1 invicto na Copa Paulista, mas vem de dois empates nas \u00faltimas rodadas"},"2323666":{"titulo":"COPA PAULISTA: Fim de semana com briga direta pela vaga","link":"https:\/\/www.futebolinterior.com.br\/copa-paulista-fim-de-semana-com-briga-direta-pela-vaga\/","chapeu":"RODADA","data":"01\/08\/2025","imagem":"https:\/\/images.futebolinterior.com.br\/2025\/08\/IMG_2466-300x169.webp","resumo":""},"2323657":{"titulo":"Mois\u00e9s Egert quer evolu\u00e7\u00e3o e lideran\u00e7a no XV de Piracicaba","link":"https:\/\/www.futebolinterior.com.br\/moises-egert-quer-evolucao-e-lideranca-no-xv-de-piracicaba\/","chapeu":"PLANO","data":"01\/08\/2025","imagem":"https:\/\/images.futebolinterior.com.br\/2025\/08\/IMG_2465-300x200.webp","resumo":""},"2323647":{"titulo":"Anunciado no Rio Branco, relembre a passagem de Tuca Guimar\u00e3es por Cuba","link":"https:\/\/www.futebolinterior.com.br\/anunciado-no-rio-branco-relembre-a-passagem-de-tuca-guimaraes-por-cuba\/","chapeu":"FASE","data":"01\/08\/2025","imagem":"https:\/\/images.futebolinterior.com.br\/2025\/08\/IMG_2460-300x168.webp","resumo":""},"2323638":{"titulo":"Rodrig\u00e3o volta aos treinos e refor\u00e7a a Francana em Itapira","link":"https:\/\/www.futebolinterior.com.br\/rodrigao-volta-aos-treinos-e-reforca-a-francana-em-itapira\/","chapeu":"SUSTO","data":"01\/08\/2025","imagem":"https:\/\/images.futebolinterior.com.br\/2025\/08\/IMG_2464-300x130.webp","resumo":""}}