{"2327110":{"titulo":"Marelli exalta dedica\u00e7\u00e3o do S\u00e3o Jos\u00e9 e foca na reta final da 1\u00aa fase","link":"https:\/\/www.futebolinterior.com.br\/marelli-exalta-dedicacao-do-sao-jose-e-foca-na-reta-final-da-1a-fase\/","chapeu":"FOCO","data":"07\/08\/2025","imagem":"https:\/\/images.futebolinterior.com.br\/2025\/08\/IMG_2601-300x161.webp","resumo":""},"2327102":{"titulo":"Willian marca primeiro gol e projeta rea\u00e7\u00e3o do Santo Andr\u00e9","link":"https:\/\/www.futebolinterior.com.br\/willian-marca-primeiro-gol-e-projeta-reacao-do-santo-andre\/","chapeu":"MARCA","data":"07\/08\/2025","imagem":"https:\/\/images.futebolinterior.com.br\/2025\/08\/IMG_2600-300x174.webp","resumo":""},"2327098":{"titulo":"Danilo Sacramento valoriza campanha do Uni\u00e3o e mira lideran\u00e7a do grupo","link":"https:\/\/www.futebolinterior.com.br\/danilo-sacramento-valoriza-campanha-do-uniao-e-mira-lideranca-do-grupo\/","chapeu":"DESEMPENHO","data":"07\/08\/2025","imagem":"https:\/\/images.futebolinterior.com.br\/2025\/08\/IMG_2599-300x155.webp","resumo":""},"2327089":{"titulo":"R\u00e9gis valoriza entrega do Botafogo apesar da derrota no cl\u00e1ssico","link":"https:\/\/www.futebolinterior.com.br\/regis-valoriza-entrega-do-botafogo-apesar-da-derrota-no-classico\/","chapeu":"DEFENDEU","data":"07\/08\/2025","imagem":"https:\/\/images.futebolinterior.com.br\/2025\/08\/IMG_2598-300x152.webp","resumo":""},"2326946":{"titulo":"SELE\u00c7\u00c3O FI da 8\u00aa rodada da Copa Paulista \u00e9 divulgada. Confira!","link":"https:\/\/www.futebolinterior.com.br\/selecao-fi-da-8a-rodada-da-copa-paulista-e-divulgada-confira\/","chapeu":"T\u00c1 PRONTA!","data":"07\/08\/2025","imagem":"https:\/\/images.futebolinterior.com.br\/2025\/08\/Imagem-do-WhatsApp-de-2025-08-07-as-11.02.28_69aa0da9-300x208.webp","resumo":"Monte Azul, Noroeste, Oeste, S\u00e3o Jos\u00e9, Primavera e Rio Branco tiveram um integrante cada na SELE\u00c7\u00c3O FI"},"2326928":{"titulo":"Copa Paulista: Campe\u00e3o da Segundona 2024, atacante est\u00e1 de volta ao Paulista","link":"https:\/\/www.futebolinterior.com.br\/copa-paulista-campeao-da-segundona-2024-atacante-esta-de-volta-ao-paulista\/","chapeu":"REFOR\u00c7O","data":"07\/08\/2025","imagem":"https:\/\/images.futebolinterior.com.br\/2025\/08\/Imagem-do-WhatsApp-de-2025-08-07-as-09.44.38_836616d7-300x238.webp","resumo":"Atacante estava no Anapolina-GO, campe\u00e3o da 2\u00aa Divis\u00e3o do Goiano e nesta temporada j\u00e1 defendeu: Uni\u00e3o S\u00e3o Jo\u00e3o e Oper\u00e1rio-MS"},"2326935":{"titulo":"Classificados, invictos e press\u00e3o: Copa Paulista afunila com S\u00e3o Jos\u00e9 em destaque","link":"https:\/\/www.futebolinterior.com.br\/classificados-invictos-e-pressao-copa-paulista-afunila-com-sao-jose-em-destaque\/","chapeu":"SE LIGA!","data":"07\/08\/2025","imagem":"https:\/\/images.futebolinterior.com.br\/2025\/08\/Captura-de-Tela-2025-08-07-as-09.52.44-300x205.webp","resumo":"O Placar Ao Vivo do Portal Futebol Interior acompanha todos os jogos da Copa Paulista "},"2326699":{"titulo":"COPA PAULISTA: Comercial vence o Come-Fogo; Inter e Uni\u00e3o empatam","link":"https:\/\/www.futebolinterior.com.br\/copa-paulista-comercial-vence-o-come-fogo-inter-e-uniao-empatam\/","chapeu":"TEVE CL\u00c1SSICO","data":"06\/08\/2025","imagem":"https:\/\/images.futebolinterior.com.br\/2025\/08\/WhatsApp-Image-2025-08-06-at-20.29.45-300x200.webp","resumo":"O PLACAR FI acompanha todos os jogos da Copa Paulista"},"2326636":{"titulo":"Botafogo 0 x 2 Comercial - Bafo vence rival em mais um Come-Fogo","link":"https:\/\/www.futebolinterior.com.br\/botafogo-0-x-2-comercial-bafo-vence-rival-em-mais-um-come-fogo\/","chapeu":"BAFO","data":"06\/08\/2025","imagem":"https:\/\/images.futebolinterior.com.br\/2025\/08\/WhatsApp-Image-2025-08-06-at-20.29.44-300x200.webp","resumo":"O Comercial venceu o Botafogo no Est\u00e1dio Santa Cruz, com gols de Frank e Marcelo, garantido antecipadamente nas oitavas de final"},"2326678":{"titulo":"Copa Paulista: Garantido nas oitavas de final, Primavera anuncia centroavante","link":"https:\/\/www.futebolinterior.com.br\/copa-paulista-garantido-nas-oitavas-de-final-primavera-anuncia-centroavante\/","chapeu":"REFOR\u00c7O","data":"06\/08\/2025","imagem":"https:\/\/images.futebolinterior.com.br\/2025\/08\/whatsapp-image-2025-05-13-at-17-300x259.webp","resumo":"Nesta temporada, Dudu atuou por dois clubes no primeiro semestre: Capital-DF (4 jogos e 1 gol) e Treze-PB (4 partidas e nenhum gol)"}}