{"2329700":{"titulo":"Comercial 2 x 2 Inter de Limeira - Dupla classificada fica no empate","link":"https:\/\/www.futebolinterior.com.br\/comercial-2-x-2-inter-de-limeira-dupla-classificada-fica-no-empate\/","chapeu":"EMPATE","data":"11\/08\/2025","imagem":"https:\/\/images.futebolinterior.com.br\/2025\/08\/WhatsApp-Image-2025-08-11-at-21.10.26-300x200.webp","resumo":"Comercial e Inter de Limeira se enfrentaram em duelo de classificados pelo Grupo 2 da Copa Paulista, e empataram em 2 a 2"},"2329817":{"titulo":"Fausto Dias alcan\u00e7a 50 jogos e Paulista avan\u00e7a na Copa Paulista","link":"https:\/\/www.futebolinterior.com.br\/fausto-dias-50-jogos-paulista-copa-paulista-oitavas-classificacao\/","chapeu":"MARCA HIST\u00d3RICA","data":"11\/08\/2025","imagem":"https:\/\/images.futebolinterior.com.br\/2025\/08\/Screenshot_365-300x162.webp","resumo":"Fausto Dias chega a 50 partidas pelo Paulista, celebra marca e garante vaga do time nas oitavas da Copa Paulista 2025."},"2329623":{"titulo":"Guarani 1 x 2 S\u00e3o Bento - Bent\u00e3o \u00e9 visitante indigesto!","link":"https:\/\/www.futebolinterior.com.br\/guarani-1-x-2-sao-bento-bentao-e-visitante-indigesto\/","chapeu":"JOG\u00c3O ","data":"11\/08\/2025","imagem":"https:\/\/images.futebolinterior.com.br\/2025\/08\/c2f57718-0990-4adb-b9c0-8c1802f69794-300x202.webp","resumo":""},"2329515":{"titulo":"Marcelo vive momento especial no Comercial","link":"https:\/\/www.futebolinterior.com.br\/marcelo-vive-momento-especial-no-comercial\/","chapeu":"DESTAQUE","data":"11\/08\/2025","imagem":"https:\/\/images.futebolinterior.com.br\/2025\/08\/IMG_2695-300x169.webp","resumo":""},"2329507":{"titulo":"Eliminado, t\u00e9cnico do Rio Branco admite campanha abaixo do esperado","link":"https:\/\/www.futebolinterior.com.br\/eliminado-tecnico-do-rio-branco-admite-campanha-abaixo-do-esperado\/","chapeu":"DECEP\u00c7\u00c3O ","data":"11\/08\/2025","imagem":"https:\/\/images.futebolinterior.com.br\/2025\/08\/IMG_2694-300x208.webp","resumo":""},"2329502":{"titulo":"Mesmo classificado, Fausto Dias admite elenco limitado no Paulista\u00a0","link":"https:\/\/www.futebolinterior.com.br\/mesmo-classificado-fausto-dias-admite-elenco-limitado-no-paulista\/","chapeu":"PE\u00c7AS ","data":"11\/08\/2025","imagem":"https:\/\/images.futebolinterior.com.br\/2025\/08\/IMG_2693-300x214.webp","resumo":""},"2329498":{"titulo":"Marchiori detalha planos do Primavera para o Paulist\u00e3o 2026","link":"https:\/\/www.futebolinterior.com.br\/marchiori-detalha-planos-do-primavera-para-o-paulistao-2026\/","chapeu":"PLANEJAMENTO ","data":"11\/08\/2025","imagem":"https:\/\/images.futebolinterior.com.br\/2025\/08\/IMG_2692-300x150.webp","resumo":""},"2329494":{"titulo":"Rafael Tanque celebra 100\u00ba gol e projeta Uni\u00e3o no mata-mata","link":"https:\/\/www.futebolinterior.com.br\/rafael-tanque-celebra-100o-gol-e-projeta-uniao-no-mata-mata\/","chapeu":"MARCA","data":"11\/08\/2025","imagem":"https:\/\/images.futebolinterior.com.br\/2025\/08\/IMG_2691-300x172.webp","resumo":""},"2329483":{"titulo":"Alex Alves valoriza vit\u00f3ria e pede efetividade \u00e0 Briosa","link":"https:\/\/www.futebolinterior.com.br\/alex-alves-valoriza-vitoria-e-pede-efetividade-a-briosa\/","chapeu":"DESEMPENHO","data":"11\/08\/2025","imagem":"https:\/\/images.futebolinterior.com.br\/2025\/08\/IMG_2690-300x200.webp","resumo":""},"2329471":{"titulo":"Grasson v\u00ea duelo com Guarani como \u201cjogo da vida\u201d do Bent\u00e3o","link":"https:\/\/www.futebolinterior.com.br\/grasson-ve-duelo-com-guarani-como-jogo-da-vida-do-bentao\/","chapeu":"EXPECTATIVA","data":"11\/08\/2025","imagem":"https:\/\/images.futebolinterior.com.br\/2025\/08\/IMG_2688-300x153.webp","resumo":""}}