{"2337789":{"titulo":"Rog\u00e9rio Corr\u00eaa mira ajustes para decis\u00e3o no Prudent\u00e3o","link":"https:\/\/www.futebolinterior.com.br\/rogerio-correa-mira-ajustes-para-decisao-no-prudentao\/","chapeu":"EXPECTATIVA","data":"25\/08\/2025","imagem":"https:\/\/images.futebolinterior.com.br\/2025\/08\/IMG_3026-300x151.webp","resumo":""},"2337783":{"titulo":"Ara\u00e7atuba anuncia refor\u00e7os e larga na frente na Copa Paulista","link":"https:\/\/www.futebolinterior.com.br\/aracatuba-anuncia-reforcos-e-larga-na-frente-na-copa-paulista\/","chapeu":"PACOT\u00c3O ","data":"25\/08\/2025","imagem":"https:\/\/images.futebolinterior.com.br\/2025\/08\/IMG_3025-300x152.webp","resumo":""},"2337764":{"titulo":"Copa Paulista: T\u00e9cnico do Primavera lamenta gols perdidos e derrota para o Paulista","link":"https:\/\/www.futebolinterior.com.br\/tecnico-primavera-fala-copa-paulista-5\/","chapeu":"PRECISA MELHORAR","data":"25\/08\/2025","imagem":"https:\/\/images.futebolinterior.com.br\/2025\/08\/ctVFvsGs-image-300x205.webp","resumo":"Com o resultado, o Fantasma da Ituana precisar\u00e1 vencer por dois gols de diferen\u00e7a no pr\u00f3ximo domingo (31), \u00e0s 11h, no Est\u00e1dio Mois\u00e9s Lucarelli, em Campinas"},"2337541":{"titulo":"PLACAR FI: Com Brasileir\u00e3o, confira os RESULTADOS deste DOMINGO","link":"https:\/\/www.futebolinterior.com.br\/confira-o-placar-fi-deste-domingo-21\/","chapeu":"COMPLET\u00c3O","data":"24\/08\/2025","imagem":"https:\/\/images.futebolinterior.com.br\/2025\/08\/eLmcfS2W-image-300x194.webp","resumo":"Como de costume, o\u00a0PLACAR FI\u00a0acompanhou todos os jogos e traz para voc\u00ea\u00a0torcedor, todos os\u00a0resultados\u00a0do dia"},"2337292":{"titulo":"Oeste x Portuguesa Santista - 3\u00ba jogo na Copa Paulista, agora pelas Oitavas de Final","link":"https:\/\/www.futebolinterior.com.br\/oeste-e-portuguesa-santista-pela-copa\/","chapeu":"NESTA SEGUNDA","data":"24\/08\/2025","imagem":"https:\/\/images.futebolinterior.com.br\/2025\/08\/AeqTYTw7-image-300x244.webp","resumo":"Na fase anterior, Rubr\u00e3o e Briosa se enfrentaram duas vezes, com uma vit\u00f3ria para cada lado. Agora, no duelo de 180 minutos, est\u00e1 em jogo uma vaga nas quartas de final"},"2337313":{"titulo":"COPA PAULISTA: Fechamento dos jogos de ida das Oitavas","link":"https:\/\/www.futebolinterior.com.br\/copa-paulista-jogos-de-ida-das-oitavas\/","chapeu":"CONFIRA OS JOGOS","data":"24\/08\/2025","imagem":"https:\/\/images.futebolinterior.com.br\/2025\/08\/Nhq1RShm-FZZFIKiC-image-300x172.webp","resumo":"A Copa Paulista 2025 entrou em sua fase decisiva. Nesta segunda (25), terminam os confrontos de ida das oitavas de final com partidas que prometem rivalidade, tradi\u00e7\u00e3o e equil\u00edbrio. "},"2336852":{"titulo":"S\u00e3o Bento x S\u00e3o Jos\u00e9 - Come\u00e7a as oitavas de final da Copa Paulista","link":"https:\/\/www.futebolinterior.com.br\/sao-bento-e-sao-jose-copa-paulista\/","chapeu":"JOG\u00c3O","data":"24\/08\/2025","imagem":"https:\/\/images.futebolinterior.com.br\/2025\/08\/FZZFIKiC-image-300x172.webp","resumo":"O jogo de volta ser\u00e1 no pr\u00f3ximo s\u00e1bado, dia 30 de agosto, \u00e0s 16h, no Est\u00e1dio Martins Pereira, em S\u00e3o Jos\u00e9 dos Campos"},"2337225":{"titulo":"Francana 1 x 1 Monte Azul - Tudo igual nas oitavas da Copa Paulista","link":"https:\/\/www.futebolinterior.com.br\/francana-1-x-1-monte-azul-copa-paulista\/","chapeu":"EMPATADO","data":"24\/08\/2025","imagem":"https:\/\/images.futebolinterior.com.br\/2025\/08\/WhatsApp-Image-2025-08-24-at-11.30.422-edited-300x225.webp","resumo":"Agora, Monte Azul e Francana voltam a se encontrar no pr\u00f3ximo domingo (31), tamb\u00e9m \u00e0s 10h da manh\u00e3, desta vez no Otac\u00edlia Patr\u00edcio Arroyo,"},"2336964":{"titulo":"PLACAR FI: Com Copa Paulista, confira os RESULTADOS deste S\u00c1BADO","link":"https:\/\/www.futebolinterior.com.br\/placar-fi-sabado-23-08\/","chapeu":"COMPLET\u00c3O","data":"23\/08\/2025","imagem":"https:\/\/images.futebolinterior.com.br\/2025\/08\/54740698510_d0327a6ff7_c-300x200.webp","resumo":"Como de costume, o\u00a0PLACAR FI\u00a0acompanhou todos os jogos e traz para voc\u00ea\u00a0torcedor, todos os\u00a0resultados\u00a0do dia"},"2337064":{"titulo":"Paulista 1 x 0 Primavera - Vit\u00f3ria tricolor na ra\u00e7a","link":"https:\/\/www.futebolinterior.com.br\/paulista-1-x-0-primavera-vitoria-raca\/","chapeu":"NA VANTAGEM","data":"23\/08\/2025","imagem":"https:\/\/images.futebolinterior.com.br\/2025\/08\/WhatsApp-Image-2025-08-23-at-20.37.00-edited-300x225.webp","resumo":"Na base da determina\u00e7\u00e3o e da for\u00e7a de vontade, o Paulista conquistou uma grande vit\u00f3ria nesta noite de s\u00e1bado, vencendo o Primavera de Indaiatuba, um dos candidatos ao t\u00edtulo, por 1 a 0, em jogo realizado no est\u00e1dio Jayme Cintra, em Jundia\u00ed, na primeira partida das oitavas de final da Copa Paulista de 2025."}}