{"2358019":{"titulo":"Roberval Davino exalta a aplica\u00e7\u00e3o e o profissionalismo dos jogadores do Comercial","link":"https:\/\/www.futebolinterior.com.br\/tecnico-comercial-fala-copa-paulista-7\/","chapeu":"FIM","data":"29\/09\/2025","imagem":"https:\/\/images.futebolinterior.com.br\/2025\/09\/Y549Sx5U-image-300x237.webp","resumo":"Apesar da elimina\u00e7\u00e3o, o t\u00e9cnico Roberval Davino fez quest\u00e3o de enaltecer a postura de seus comandados \u2014 n\u00e3o apenas na reta final da competi\u00e7\u00e3o, mas ao longo de toda a campanha"},"2357883":{"titulo":"Gr\u00eamio Prudente bate na trave pela segunda vez e segue fora das competi\u00e7\u00f5es nacionais em 2026","link":"https:\/\/www.futebolinterior.com.br\/gremio-prudente-eliminado-copa-paulista\/","chapeu":"N\u00c3O DEU ","data":"29\/09\/2025","imagem":"https:\/\/images.futebolinterior.com.br\/2025\/09\/HZprjej3-image-300x193.webp","resumo":"Fundado em 2005, o clube de 20 anos viveu situa\u00e7\u00e3o parecida logo em sua primeira participa\u00e7\u00e3o na competi\u00e7\u00e3o. Em 2023, o Gr\u00eamio chegou at\u00e9 a semifinal, mas foi superado pelo S\u00e3o Jos\u00e9"},"2357685":{"titulo":"Paulista renova com Pedro Medeiros para 2026","link":"https:\/\/www.futebolinterior.com.br\/paulista-renova-com-pedro-medeiros-para-2026\/","chapeu":"FICA","data":"29\/09\/2025","imagem":"https:\/\/images.futebolinterior.com.br\/2025\/09\/IMG_4070-300x145.webp","resumo":""},"2357672":{"titulo":"Mois\u00e9s Egert exalta classifica\u00e7\u00e3o do XV para a final","link":"https:\/\/www.futebolinterior.com.br\/moises-egert-exalta-classificacao-do-xv-para-a-final\/","chapeu":"OBJETIVO ","data":"29\/09\/2025","imagem":"https:\/\/images.futebolinterior.com.br\/2025\/09\/IMG_4069-300x173.webp","resumo":""},"2357617":{"titulo":"Copa Paulista: Fernando Marchiori chega \u00e0 segunda final com o Primavera e a 5\u00aa em 4 anos","link":"https:\/\/www.futebolinterior.com.br\/fernando-marchiori-historia-primavera-4\/","chapeu":"VOANDO","data":"29\/09\/2025","imagem":"https:\/\/images.futebolinterior.com.br\/2025\/09\/ttDgtyVK-image-300x237.webp","resumo":"A cidade de Indaiatuba-SP est\u00e1 em festa ap\u00f3s mais um feito hist\u00f3rico do clube \u2014 considerado a segunda maior conquista do Primavera em quase um s\u00e9culo de hist\u00f3ria"},"2357591":{"titulo":"FPF divulga datas e hor\u00e1rios das finais da Copa Paulista","link":"https:\/\/www.futebolinterior.com.br\/fpf-divulga-horario-final-copa-paulista\/","chapeu":"DEFINIDOS","data":"29\/09\/2025","imagem":"https:\/\/images.futebolinterior.com.br\/2025\/09\/1zBF0GuS-image-300x229.webp","resumo":"A primeira partida da final ser\u00e1 disputada \u00e0s 15h do domingo (5) em Campinas. O confronto que define o campe\u00e3o da competi\u00e7\u00e3o est\u00e1 marcado para \u00e0s 18h do s\u00e1bado (11), em Piracicaba"},"2357439":{"titulo":"PLACAR FI: Com Copa Paulista, confira os RESULTADOS deste DOMINGO","link":"https:\/\/www.futebolinterior.com.br\/confira-o-placar-fi-deste-domingo-25\/","chapeu":"COMPLET\u00c3O","data":"28\/09\/2025","imagem":"https:\/\/images.futebolinterior.com.br\/2025\/09\/Gdd960S7-image-300x230.webp","resumo":"Claro, o\u00a0Placar ao Vivo do Portal Futebol Interior\u00a0acompanhou todos os jogos e traz para voc\u00ea a lista com todos os resultados.\u00a0Confira!"},"2357310":{"titulo":"Primavera 2 (5) x (4) 1 Gr\u00eamio Prudente - Fantasma da Ituana finalista da Copa Paulista","link":"https:\/\/www.futebolinterior.com.br\/primavera-vence-gremio-prudente-copa\/","chapeu":"FEZ HIST\u00d3RIA","data":"28\/09\/2025","imagem":"https:\/\/images.futebolinterior.com.br\/2025\/09\/FLHXn8jc-image-300x218.webp","resumo":"Na final, o Primavera vai pegar o XV de Piracicaba, que eliminou o Comercial. O campe\u00e3o escolhe jogar a S\u00e9rie D do Campeonato Brasileiro ou a Copa do Brasil. O vice fica com a vaga restante"},"2357049":{"titulo":"PLACAR FI: Com acesso da Ponte Preta, confira os RESULTADOS deste S\u00c1BADO","link":"https:\/\/www.futebolinterior.com.br\/confira-o-placar-fi-deste-sabado-23\/","chapeu":"COMPLET\u00c3O","data":"28\/09\/2025","imagem":"https:\/\/images.futebolinterior.com.br\/2025\/09\/3XfNh8JV-image-300x133.webp","resumo":"Claro, o\u00a0Placar ao Vivo do Portal Futebol Interior\u00a0acompanhou todos os jogos e traz para voc\u00ea a lista com todos os resultados.\u00a0Confira!"},"2356822":{"titulo":"XV de Piracicaba 1 x 0 Comercial - Nh\u00f4 Quim est\u00e1 na final da Copa Paulista","link":"https:\/\/www.futebolinterior.com.br\/xv-de-piracicaba-1-x-0-comercial-nho-quim-esta-na-final-da-copa-paulista\/","chapeu":"CLASSIFICADO!","data":"27\/09\/2025","imagem":"https:\/\/images.futebolinterior.com.br\/2025\/09\/Captura-de-Tela-2025-09-27-as-20.04.42-300x192.webp","resumo":"O XV enfrenta na final quem vencer do duelo entre Primavera e Gr\u00eamio Prudente, que acontecer\u00e1 neste domingo "}}