{"1788505":{"titulo":"COPA DO BRASIL: Ponte Preta goleia e avan\u00e7a com outros quatro","link":"https:\/\/www.futebolinterior.com.br\/copa-do-brasil-ponte-preta-goleia-por-4-a-0-e-avanca-com-outros-quatro\/","chapeu":"FAZ O PIX","data":"28\/02\/2023","imagem":"https:\/\/images.futebolinterior.com.br\/2023\/02\/Ponte-Fluminense-2023-scaled-e1677637515877-300x203.jpg","resumo":"O Ferrovi\u00e1rio-CE tamb\u00e9m avan\u00e7ou com vit\u00f3ria, enquanto Am\u00e9rica-MG, Vila Nova e Santa Cruz se classificaram com empate fora de casa"},"1788467":{"titulo":"Fluminense-PI 0 x 4 Ponte Preta - Macaca n\u00e3o decepciona e avan\u00e7a na Copa do Brasil!","link":"https:\/\/www.futebolinterior.com.br\/fluminense-pi-0-x-4-ponte-preta-macaca-nao-decepciona-e-avanca-na-copa-do-brasil\/","chapeu":"FAVORITA","data":"28\/02\/2023","imagem":"https:\/\/images.futebolinterior.com.br\/2023\/03\/Ponte-Preta-Fluminense-2023-300x183.jpg","resumo":"Macaca enfrentar\u00e1 Cordino-MA ou Brasil de Pelotas-RS na segunda fase da Copa do Brasil."},"1788456":{"titulo":"Real Noroeste-ES 1 x 1 Vila Nova - Empate garante Tigre na Copa do Brasil","link":"https:\/\/www.futebolinterior.com.br\/real-noroeste-es-1-x-1-vila-nova-empate-garante-tigre-na-copa-do-brasil\/","chapeu":"AVAN\u00c7OU","data":"28\/02\/2023","imagem":"https:\/\/images.futebolinterior.com.br\/2023\/02\/vila-nova-copa-do-brasil-300x201.jpg","resumo":"Foi um jogo de poucas emo\u00e7\u00f5es no primeiro tempo, e que melhorou no segundo."},"1788402":{"titulo":"Democrata GV-MG 1 x 1 Santa Cruz - Pipico marca nos acr\u00e9scimos e Cobra Coral avan\u00e7a!","link":"https:\/\/www.futebolinterior.com.br\/democrata-gv-mg-1-x-1-santa-cruz-pipico-marca-nos-acrescimos-e-cobra-coral-avanca\/","chapeu":"AVANTE","data":"28\/02\/2023","imagem":"https:\/\/images.futebolinterior.com.br\/2023\/02\/Mamudao-Democrata-2023-300x225.jpeg","resumo":"Al\u00e9m da vaga na segunda fase, o Santa Cruz garantiu premia\u00e7\u00e3o de R$ 900 mil."},"1788332":{"titulo":"Copa do Brasil: Destaque do S\u00e3o Bernardo vai para o Corinthians","link":"https:\/\/www.futebolinterior.com.br\/sao-bernardo-tem-desfalque-importante\/","chapeu":"DESFALQUE","data":"28\/02\/2023","imagem":"https:\/\/images.futebolinterior.com.br\/2023\/02\/Barletta-300x268.jpg","resumo":"Jovem atacante do S\u00e3o Bernardo tem negocia\u00e7\u00e3o avan\u00e7ada com o Corinthians que pediu libera\u00e7\u00e3o do atleta para a diretoria do Bern\u00f4 "},"1788295":{"titulo":"Copa do Brasil: CRB tem d\u00favida para enfrentar Uni\u00e3o-MT","link":"https:\/\/www.futebolinterior.com.br\/copa-do-brasil-crb-duvida-uniao-mt\/","chapeu":"MIST\u00c9RIO","data":"28\/02\/2023","imagem":"https:\/\/images.futebolinterior.com.br\/2023\/01\/Umberto-Louzer-300x199.jpeg","resumo":"CRB j\u00e1 tem uma base titular praticamente pronta, mas n\u00e3o tem escala\u00e7\u00e3o inicial para duelo v\u00e1lido pela primeira fase da Copa do Brasil"},"1788310":{"titulo":"Princesa do Solim\u00f5es x Ituano - Galo de Itu quer cantar alto","link":"https:\/\/www.futebolinterior.com.br\/ituano-estreia-no-amazonas-contra-princesa\/","chapeu":"DECIS\u00c3O","data":"28\/02\/2023","imagem":"https:\/\/images.futebolinterior.com.br\/2023\/02\/Ituano-3-2-300x200.jpg","resumo":"Ituano foca suas for\u00e7as na Copa do Brasil para conseguir um bom resultado e avan\u00e7ar de fase contra o Princesa do Solim\u00f5es"},"1788238":{"titulo":"Parnahyba-PI x Botafogo-SP - \u00c9 o Tubar\u00e3o contra o Pantera","link":"https:\/\/www.futebolinterior.com.br\/botafogo-estreia-na-copa-do-brasil\/","chapeu":"EMO\u00c7\u00c3O","data":"28\/02\/2023","imagem":"https:\/\/images.futebolinterior.com.br\/2023\/02\/Botafogo-SP-300x200.jpg","resumo":"O Botafogo-SP ter\u00e1 uma novidade no banco de reservas, o rec\u00e9m chegado t\u00e9cnico Adilson Batista que far\u00e1 sua estreia pelo clube"},"1788247":{"titulo":"Copa do Brasil: J\u00e1 no Recife, Ava\u00ed est\u00e1 pronto para encarar Retr\u00f4-PE na 1\u00aa fase","link":"https:\/\/www.futebolinterior.com.br\/copa-do-brasil-ja-no-recife-avai-esta-pronto-para-encarar-retro-pe-na-1a-fase\/","chapeu":"COM TUDO","data":"28\/02\/2023","imagem":"https:\/\/images.futebolinterior.com.br\/2023\/02\/Avai-Copa-do-Brasil-300x200.jpg","resumo":"Por outro lado, quatro atletas que ficaram de fora por suspens\u00e3o no duelo contra o Conc\u00f3rdia no \u00faltimo s\u00e1bado, voltam a ficar \u00e0 disposi\u00e7\u00e3o"},"1788222":{"titulo":"Copa do Brasil: Brasiliense j\u00e1 est\u00e1 em Minas Gerais para enfrentar o Athletic","link":"https:\/\/www.futebolinterior.com.br\/brasiliense-athletic-copa-do-brasil\/","chapeu":"DECIS\u00c3O","data":"28\/02\/2023","imagem":"https:\/\/images.futebolinterior.com.br\/2023\/02\/brasiliense-foto-vinicius-schmit-300x194.jpeg","resumo":"O Jacar\u00e9 joga pelo empate em Minas Gerais"}}