{"267996":{"titulo":"Time do Paulist\u00e3o recebe oferta e pode realizar treinos no est\u00e1dio do Am\u00e9rica-SP","link":"https:\/\/www.futebolinterior.com.br\/time-do-paulistao-recebe-oferta-e-pode-realizar-treinos-no-estadio-do-america-sp\/","chapeu":"POSSIBILIDADE","data":"29\/06\/2020","imagem":"https:\/\/images.futebolinterior.com.br\/2020\/11\/0002050474354_img-300x145.jpg","resumo":"O presidente do Am\u00e9rica s\u00f3 pediu para que o clube pague a conta de energia enquanto usa o local"},"268000":{"titulo":"Guarani fecha empr\u00e9stimo de zagueiro do Athletico-PR at\u00e9 o fim da S\u00e9rie B","link":"https:\/\/www.futebolinterior.com.br\/guarani-fecha-emprestimo-de-zagueiro-do-athletico-pr-ate-o-fim-da-serie-b\/","chapeu":"ASSINOU","data":"29\/06\/2020","imagem":"https:\/\/images.futebolinterior.com.br\/2020\/11\/0002050474346_img-300x125.jpg","resumo":"Walber \u00e9 o quarto refor\u00e7o do Bugre durante a pandemia do Covid-19"},"268012":{"titulo":"Ex-zagueiro do Guarani elogia prepara\u00e7\u00e3o do Novorizontino para o Paulist\u00e3o","link":"https:\/\/www.futebolinterior.com.br\/ex-zagueiro-do-guarani-elogia-preparacao-do-novorizontino-para-o-paulistao\/","chapeu":"SEGREDO!","data":"29\/06\/2020","imagem":"https:\/\/images.futebolinterior.com.br\/2020\/11\/0002050474337_img-300x148.jpg","resumo":"\u00danico invicto no Paulista, o Novorizontino briga por uma vaga no Grupo B"},"268024":{"titulo":"Palmeiras aguarda confirma\u00e7\u00f5es para embolsar R$ 90 mi pela venda de dupla","link":"https:\/\/www.futebolinterior.com.br\/palmeiras-aguarda-confirmacoes-para-embolsar-r-90-mi-pela-venda-de-dupla\/","chapeu":"MEGA SENA!","data":"29\/06\/2020","imagem":"https:\/\/images.futebolinterior.com.br\/2020\/11\/0002050474325_img-300x159.jpg","resumo":"Do Al-Duhail, do Catar, o clube aguarda a proposta oficial de cerca de R$ 80 milh\u00f5es por Dudu"},"268022":{"titulo":"Paulist\u00e3o: Zagueiro do Red Bull Bragantino se diz recuperado de les\u00e3o","link":"https:\/\/www.futebolinterior.com.br\/paulistao-zagueiro-do-red-bull-bragantino-se-diz-recuperado-de-lesao\/","chapeu":"A\u00cd SIM","data":"29\/06\/2020","imagem":"https:\/\/images.futebolinterior.com.br\/2020\/11\/0002050474318_img-300x203.jpg","resumo":"Fabr\u00edcio Bruno se contundiu depois de fazer duas partidas pelo Toro Loko no Paulist\u00e3o"},"268028":{"titulo":"D\u00edvida de ex-Ponte pode fazer Santos ser novamente punido pela Fifa","link":"https:\/\/www.futebolinterior.com.br\/divida-de-ex-ponte-pode-fazer-santos-ser-novamente-punido-pela-fifa\/","chapeu":"QUE FASE","data":"29\/06\/2020","imagem":"https:\/\/images.futebolinterior.com.br\/2020\/11\/0002050474316_img-300x200.jpg","resumo":"O Peixe precisa pagar pouco mais de 1,5 milh\u00e3o ao Club Brugge-BEL pelo empr\u00e9stimo do zagueiro Luan Peres"},"268042":{"titulo":"Grupo vai \u00e0 Justi\u00e7a e pede afastamento de presidente de time do Paulist\u00e3o","link":"https:\/\/www.futebolinterior.com.br\/grupo-vai-a-justica-e-pede-afastamento-de-presidente-de-time-do-paulistao\/","chapeu":"OUTRO PROBLEMA","data":"29\/06\/2020","imagem":"https:\/\/images.futebolinterior.com.br\/2020\/11\/0002050474301_img-300x186.jpg","resumo":"Segundo o grupo, o dirigente desrespeitou o estatuto do clube por conta de empr\u00e9stimos contra\u00eddos em 2019"},"268074":{"titulo":"Mesmo na reserva, volante do S\u00e3o Paulo \u00e9 sondado por gigante europeu","link":"https:\/\/www.futebolinterior.com.br\/mesmo-na-reserva-volante-do-sao-paulo-e-sondado-por-gigante-europeu\/","chapeu":"NA MIRA","data":"29\/06\/2020","imagem":"https:\/\/images.futebolinterior.com.br\/2020\/11\/0002050474248_img-300x183.jpg","resumo":"Liziero tem contrato com o Tricolor at\u00e9 abril de 2023 e estaria na mira do Milan-ITA"},"268086":{"titulo":"Com defesa 'resolvida', Guarani concentra for\u00e7as por novidades no ataque","link":"https:\/\/www.futebolinterior.com.br\/com-defesa-resolvida-guarani-concentra-forcas-por-novidades-no-ataque\/","chapeu":"MERCADO","data":"29\/06\/2020","imagem":"https:\/\/images.futebolinterior.com.br\/2020\/11\/0002050474240_img-300x200.jpg","resumo":"Bugre ainda quer, no m\u00ednimo, um meio-campista e um atacante para sequ\u00eancia do ano"},"268091":{"titulo":"Ponte Preta aguarda chegada de Menino da Vila para oficializar s\u00e9tima contrata\u00e7\u00e3o","link":"https:\/\/www.futebolinterior.com.br\/ponte-preta-aguarda-chegada-de-menino-da-vila-para-oficializar-setima-contratacao\/","chapeu":"MAIS UM","data":"29\/06\/2020","imagem":"https:\/\/images.futebolinterior.com.br\/2020\/11\/0002050474232_img-300x165.jpg","resumo":"Osman vai fechar v\u00ednculo com a Macaca at\u00e9 o fim do Campeonato Paulista de 2021"}}