{"203914":{"titulo":"Red Bull contrata sobrevivente da trag\u00e9dia do Ninho dispensado pelo Flamengo","link":"https:\/\/www.futebolinterior.com.br\/red-bull-contrata-sobrevivente-da-tragedia-do-ninho-dispensado-pelo-flamengo\/","chapeu":"SURPRESA!","data":"30\/01\/2020","imagem":"https:\/\/images.futebolinterior.com.br\/2020\/11\/0002050445720_img-300x193.jpg","resumo":"Felipe Cardoso, neste primeiro momento, vai treinar com os jogadores das categorias de base do grupo"},"203926":{"titulo":"Em comum acordo, \u00c1gua Santa confirma sa\u00edda de t\u00e9cnico Fernando Marchiori","link":"https:\/\/www.futebolinterior.com.br\/em-comum-acordo-agua-santa-confirma-saida-de-tecnico-fernando-marchiori\/","chapeu":"EXCLUSIVO!","data":"30\/01\/2020","imagem":"https:\/\/images.futebolinterior.com.br\/2020\/11\/0002050445710_img-300x213.jpg","resumo":"O treinador deixou o clube ap\u00f3s a derrota para o Santo Andr\u00e9, por 1 a 0, na terceira rodada"},"203932":{"titulo":"Paulist\u00e3o: Comiss\u00e3o t\u00e9cnica e jogadores do Ituano lamentam empate","link":"https:\/\/www.futebolinterior.com.br\/paulistao-comissao-tecnica-e-jogadores-do-ituano-lamentam-empate\/","chapeu":"PACI\u00caNCIA!","data":"30\/01\/2020","imagem":"https:\/\/images.futebolinterior.com.br\/2020\/11\/0002050445708_img-300x169.jpg","resumo":"Segundo o t\u00e9cnico Vinicius Bergantin, foi a melhor partida do time no campeonato"},"203960":{"titulo":"Paulist\u00e3o: Mais de sete mil ingressos vendidos para Red Bull Bragantino e Palmeiras","link":"https:\/\/www.futebolinterior.com.br\/paulistao-mais-de-sete-mil-ingressos-vendidos-para-red-bull-bragantino-e-palmeiras\/","chapeu":"VAI BOMBAR","data":"30\/01\/2020","imagem":"https:\/\/images.futebolinterior.com.br\/2020\/11\/0002050445683_img-300x162.jpg","resumo":"A carga destina aos palmeirenses - 1.200 ingressos - se esgotou na \u00faltima quarta-feira"},"204000":{"titulo":"Ap\u00f3s gol em Araraquara, Fernando Diniz v\u00ea Arboleda fortalecido no S\u00e3o Paulo","link":"https:\/\/www.futebolinterior.com.br\/apos-gol-em-araraquara-fernando-diniz-ve-arboleda-fortalecido-no-sao-paulo\/","chapeu":"MELHORANDO","data":"30\/01\/2020","imagem":"https:\/\/images.futebolinterior.com.br\/2020\/11\/0002050445654_img-300x190.jpg","resumo":"Na opini\u00e3o do treinador, o Tricolor ganha muito dentro e fora do campo quando ele est\u00e1 bem"},"204030":{"titulo":"Palmeiras receber\u00e1 laborat\u00f3rio da Fifa para certificar gramado sint\u00e9tico","link":"https:\/\/www.futebolinterior.com.br\/palmeiras-recebera-laboratorio-da-fifa-para-certificar-gramado-sintetico\/","chapeu":"NOVA ERA!","data":"30\/01\/2020","imagem":"https:\/\/images.futebolinterior.com.br\/2020\/11\/0002050445643_img-300x169.jpg","resumo":"Apesar da visita do laborat\u00f3rio ser apenas no fim de fevereiro, isso n\u00e3o impede a realiza\u00e7\u00e3o de um jogo antes da emiss\u00e3o"},"204016":{"titulo":"Importante na \u00faltima vit\u00f3ria do Santo Andr\u00e9, volante comemora campanha 100%","link":"https:\/\/www.futebolinterior.com.br\/importante-na-ultima-vitoria-do-santo-andre-volante-comemora-campanha-100\/","chapeu":"COMEMOROU","data":"30\/01\/2020","imagem":"https:\/\/images.futebolinterior.com.br\/2020\/11\/0002050445630_img-300x166.png","resumo":"Respons\u00e1vel pela assist\u00eancia no gol da vit\u00f3ria no \u00faltimo jogo, o volante Dudu Vieira falou sobre a sensa\u00e7\u00e3o de ter sido decisivo"},"204020":{"titulo":"Paulist\u00e3o: Paulo Roberto comemora campanha do Santo Andr\u00e9: 'N\u00e3o poderia ser melhor'","link":"https:\/\/www.futebolinterior.com.br\/paulistao-paulo-roberto-comemora-campanha-do-santo-andre-nao-poderia-ser-melhor\/","chapeu":"100%","data":"30\/01\/2020","imagem":"https:\/\/images.futebolinterior.com.br\/2020\/11\/0002050445623_img-300x225.jpg","resumo":"Ramalh\u00e3o venceu as tr\u00eas partidas no Estadual e ostenta 100% de aproveitamento"},"204046":{"titulo":"Paulist\u00e3o: Ponte Preta desafia jejum desfavor\u00e1vel contra o Corinthians; veja n\u00fameros","link":"https:\/\/www.futebolinterior.com.br\/paulistao-ponte-preta-desafia-jejum-desfavoravel-contra-o-corinthians-veja-numeros\/","chapeu":"RETROSPECTO","data":"30\/01\/2020","imagem":"https:\/\/images.futebolinterior.com.br\/2020\/11\/0002050445615_img-300x174.jpg","resumo":"Clubes se enfrentar nesta quinta-feira, \u00e0s 21h30, no Est\u00e1dio Mois\u00e9s Lucarelli"},"204053":{"titulo":"Paulist\u00e3o: Em Campinas, Corinthians tenta recuperar bom futebol da estreia","link":"https:\/\/www.futebolinterior.com.br\/paulistao-em-campinas-corinthians-tenta-recuperar-bom-futebol-da-estreia\/","chapeu":"RETOMADA","data":"30\/01\/2020","imagem":"https:\/\/images.futebolinterior.com.br\/2020\/11\/0002050445613_img-300x215.jpg","resumo":"Tim\u00e3o teve \u00f3timo desempenho na goleada em cima do Botafogo-SP, mas deixou a desejar em Mirassol"}}