{"200444":{"titulo":"Mat\u00edas Vi\u00f1a tem nome publicado no BID e deve estrear no Palmeiras contra o Mirassol","link":"https:\/\/www.futebolinterior.com.br\/matias-vina-tem-nome-publicado-no-bid-e-deve-estrear-no-palmeiras-contra-o-mirassol\/","chapeu":"VAI PRO JOGO","data":"14\/02\/2020","imagem":"https:\/\/images.futebolinterior.com.br\/2020\/11\/0002050449833_img-300x225.jpg","resumo":"Al\u00e9m de Vi\u00f1a, o jogo contra o Mirassol tamb\u00e9m ter\u00e1 a estreia do gramado sint\u00e9tico do est\u00e1dio palmeirense"},"200468":{"titulo":"Paulist\u00e3o: FPF re\u00fane \u00e1rbitros assistentes para 2\u00aa avalia\u00e7\u00e3o peri\u00f3dica do torneio","link":"https:\/\/www.futebolinterior.com.br\/paulistao-fpf-reune-arbitros-assistentes-para-2a-avaliacao-periodica-do-torneio\/","chapeu":"DE PERTO!","data":"14\/02\/2020","imagem":"https:\/\/images.futebolinterior.com.br\/2020\/11\/0002050449803_img-300x151.jpg","resumo":"Encontros acontecem ao longo do campeonato para avaliar o desempenho em campo"},"200486":{"titulo":"Paulist\u00e3o: Carpini confirma goleiro e indica repeti\u00e7\u00e3o dos titulares no Guarani","link":"https:\/\/www.futebolinterior.com.br\/paulistao-carpini-confirma-goleiro-e-indica-repeticao-dos-titulares-no-guarani\/","chapeu":"MESMA BASE","data":"14\/02\/2020","imagem":"https:\/\/images.futebolinterior.com.br\/2020\/11\/0002050449790_img-300x200.jpg","resumo":"Bugre mede for\u00e7as com o Novorizontino, neste s\u00e1bado, a partir das 16h, no Brinco de Ouro"},"200510":{"titulo":"Treinador do Guarani recebe homenagens em meio \u00e0 faixa de protesto na C\u00e2mara de Campinas","link":"https:\/\/www.futebolinterior.com.br\/treinador-do-guarani-recebe-homenagens-em-meio-a-faixa-de-protesto-na-camara-de-campinas\/","chapeu":"EITA!","data":"14\/02\/2020","imagem":"https:\/\/images.futebolinterior.com.br\/2020\/11\/0002050449769_img-300x225.jpg","resumo":"Os torcedores do Guarani est\u00e3o cobrando dos vereadores uma posi\u00e7\u00e3o para que o terreno onde est\u00e1 o CT seja devolvido ao clube"},"200524":{"titulo":"Chegada de Vi\u00f1a faz Diogo Barbosa virar a terceira op\u00e7\u00e3o na lateral do Palmeiras","link":"https:\/\/www.futebolinterior.com.br\/chegada-de-vina-faz-diogo-barbosa-virar-a-terceira-opcao-na-lateral-do-palmeiras\/","chapeu":"BRIGA BOA","data":"14\/02\/2020","imagem":"https:\/\/images.futebolinterior.com.br\/2020\/11\/0002050449753_img-300x169.jpg","resumo":"Por isso, o camisa 26 desponta no momento para ser o reserva imediato do novo dono da posi\u00e7\u00e3o"},"200526":{"titulo":"Tiago Caetano: S\u00e3o Paulo e sua crise sem fim","link":"https:\/\/www.futebolinterior.com.br\/tiago-caetano-sao-paulo-e-sua-crise-sem-fim\/","chapeu":"OPINI\u00c3O","data":"14\/02\/2020","imagem":"https:\/\/images.futebolinterior.com.br\/2020\/11\/0002050449752_img-300x193.jpg","resumo":""},"200537":{"titulo":"PLACAR FI: Com mais 4 classificados na Copa BR, confira TODOS resultados desta QUINTA","link":"https:\/\/www.futebolinterior.com.br\/placar-fi-com-mais-4-classificados-na-copa-br-confira-todos-resultados-desta-quinta\/","chapeu":"TUDO AQUI","data":"13\/02\/2020","imagem":"https:\/\/images.futebolinterior.com.br\/2020\/11\/0002050449732_img-300x233.jpg","resumo":"Ferrovi\u00e1ria, Ponte Preta, Afogados-PE e Cruzeiro garantiram classifica\u00e7\u00e3o para a pr\u00f3xima fase do segundo principal torneio nacional"},"200621":{"titulo":"Inter de Limeira x Santo Andr\u00e9 - Duelo de l\u00edderes improv\u00e1veis do Paulist\u00e3o","link":"https:\/\/www.futebolinterior.com.br\/inter-de-limeira-x-santo-andre-duelo-de-lideres-improvaveis-do-paulistao\/","chapeu":"SENSA\u00c7\u00d5ES","data":"13\/02\/2020","imagem":"https:\/\/images.futebolinterior.com.br\/2020\/11\/0002050449635_img-300x169.jpg","resumo":"Os dois times est\u00e3o na primeira posi\u00e7\u00e3o de seus grupos e sonham com a classifica\u00e7\u00e3o para as quartas de final"},"200566":{"titulo":"Conselheiro entra na Justi\u00e7a e pede afastamento de presidente do S\u00e3o Paulo","link":"https:\/\/www.futebolinterior.com.br\/conselheiro-entra-na-justica-e-pede-afastamento-de-presidente-do-sao-paulo\/","chapeu":"CONFUS\u00c3O!","data":"13\/02\/2020","imagem":"https:\/\/images.futebolinterior.com.br\/2020\/11\/0002050449680_img-300x193.jpg","resumo":"Conselheiro Denis Ormrod tamb\u00e9m quer a sa\u00edda de Marcelo Pupo Barboza, presidente do Conselho Deliberativo"},"200568":{"titulo":"Daniel Alves minimiza furto de carro: 'Meu legado n\u00e3o \u00e9 materialista'","link":"https:\/\/www.futebolinterior.com.br\/daniel-alves-minimiza-furto-de-carro-meu-legado-nao-e-materialista\/","chapeu":"NORMAL","data":"13\/02\/2020","imagem":"https:\/\/images.futebolinterior.com.br\/2020\/11\/0002050449678_img-300x200.jpg","resumo":"O furto aconteceu na noite de ter\u00e7a-feira no bairro de Pinheiros, zona oeste da capital paulista"}}