{"270306":{"titulo":"Jornalista ganha a\u00e7\u00e3o de cerca de R$ 50 mil contra volante do Palmeiras","link":"https:\/\/www.futebolinterior.com.br\/jornalista-ganha-acao-de-cerca-de-r-50-mil-contra-volante-do-palmeiras\/","chapeu":"UIA!","data":"16\/06\/2020","imagem":"https:\/\/images.futebolinterior.com.br\/2020\/11\/0002050471940_img-300x203.jpg","resumo":"Felipe Melo ter\u00e1 15 dias para arcar com a d\u00edvida com Renato Maur\u00edcio Prado"},"270310":{"titulo":"Volta de torcida aos est\u00e1dios no Brasil causa preocupa\u00e7\u00e3o entre especialistas","link":"https:\/\/www.futebolinterior.com.br\/volta-de-torcida-aos-estadios-no-brasil-causa-preocupacao-entre-especialistas\/","chapeu":"E AGORA?","data":"16\/06\/2020","imagem":"https:\/\/images.futebolinterior.com.br\/2020\/11\/0002050471939_img-300x184.jpg","resumo":"A vis\u00e3o \u00e9 que estamos muito distantes de termos condi\u00e7\u00f5es de receber f\u00e3s nos jogos"},"270312":{"titulo":"M\u00e9dicos projetam como jogadores se adaptar\u00e3o para volta sem risco de contamina\u00e7\u00e3o","link":"https:\/\/www.futebolinterior.com.br\/medicos-projetam-como-jogadores-se-adaptarao-para-volta-sem-risco-de-contaminacao\/","chapeu":"DETALHES!","data":"16\/06\/2020","imagem":"https:\/\/images.futebolinterior.com.br\/2020\/11\/0002050471936_img-300x169.jpg","resumo":" A d\u00favida \u00e9 saber se estamos preparados e como ser\u00e1 o \"novo futebol\" que deve se perpetuar por um longo tempo, talvez anos"},"270321":{"titulo":"Est\u00e1dio do Maracan\u00e3, templo do futebol, completa 70 anos","link":"https:\/\/www.futebolinterior.com.br\/estadio-do-maracana-templo-do-futebol-completa-70-anos\/","chapeu":"ESPECIAL!","data":"16\/06\/2020","imagem":"https:\/\/images.futebolinterior.com.br\/2020\/11\/0002050471933_img-300x186.jpg","resumo":"Quando foi inaugurado, no dia 16 de junho de 1950, o est\u00e1dio era o maior do mundo e tinha capacidade para receber 200 mil pessoas"},"270339":{"titulo":"Por isolamento social, Ponte adia reuni\u00e3o de junho do Conselho Deliberativo","link":"https:\/\/www.futebolinterior.com.br\/por-isolamento-social-ponte-adia-reuniao-de-junho-do-conselho-deliberativo\/","chapeu":"N\u00c3O \u00c9 HORA","data":"16\/06\/2020","imagem":"https:\/\/images.futebolinterior.com.br\/2020\/11\/0002050471918_img-300x154.jpg","resumo":"Justificativa da Macaca \u00e9 que mais da metade dos cartolas pertecente ao grupo de risco"},"270347":{"titulo":"Guarani e Magnum chegam a acordo por repasse mensal durante pandemia; veja desfecho","link":"https:\/\/www.futebolinterior.com.br\/guarani-e-magnum-chegam-a-acordo-por-repasse-mensal-durante-pandemia-veja-desfecho\/","chapeu":"NEGOCIA\u00c7\u00c3O","data":"16\/06\/2020","imagem":"https:\/\/images.futebolinterior.com.br\/2020\/11\/0002050471913_img-300x210.jpg","resumo":"Empresa de Roberto Graziano \u00e9 respons\u00e1vel pelo pagamento de R$ 350 mil por compra do Brinco de Ouro"},"270325":{"titulo":"Prefeitura veta treinos presenciais em Campinas e adia volta do Paulist\u00e3o","link":"https:\/\/www.futebolinterior.com.br\/prefeitura-veta-treinos-presenciais-em-campinas-e-adia-volta-do-paulistao\/","chapeu":"PRA DEPOIS!","data":"15\/06\/2020","imagem":"https:\/\/images.futebolinterior.com.br\/2020\/11\/0002050471925_img-300x170.jpg","resumo":"A Federa\u00e7\u00e3o ainda n\u00e3o se pronunciou, mas dificilmente marcar\u00e1 uma data para o retorno do torneio"},"270335":{"titulo":"Atacante que marcou um gol vai \u00e0 Justi\u00e7a e cobra R$ 2 milh\u00f5es do Corinthians","link":"https:\/\/www.futebolinterior.com.br\/atacante-que-marcou-um-gol-vai-a-justica-e-cobra-r-2-milhoes-do-corinthians\/","chapeu":"MOMENTO DIF\u00cdCIL","data":"15\/06\/2020","imagem":"https:\/\/images.futebolinterior.com.br\/2020\/11\/0002050471922_img-300x207.jpg","resumo":"Atualmente no Elche, da Espanha, Jonathas passou pelo Corinthians em 2018, por empr\u00e9stimo"},"270337":{"titulo":"Visando S\u00e9rie D, time paulista confirma contrata\u00e7\u00e3o de atacante campe\u00e3o pelo Flamengo","link":"https:\/\/www.futebolinterior.com.br\/visando-serie-d-time-paulista-confirma-contratacao-de-atacante-campeao-pelo-flamengo\/","chapeu":"OLHA S\u00d3!","data":"15\/06\/2020","imagem":"https:\/\/images.futebolinterior.com.br\/2020\/11\/0002050471919_img-300x167.jpg","resumo":"Trata-se de Bruno Mezenga, de 31 anos, que fez parte do elenco do Meng\u00e3o no t\u00edtulo de 2009 e agora \u00e9 refor\u00e7o da Ferrovi\u00e1ria"},"270351":{"titulo":"Ap\u00f3s deixar Corinthians, Vagner Love fica distante de clube russo","link":"https:\/\/www.futebolinterior.com.br\/apos-deixar-corinthians-vagner-love-fica-distante-de-clube-russo\/","chapeu":"E AGORA?","data":"15\/06\/2020","imagem":"https:\/\/images.futebolinterior.com.br\/2020\/11\/0002050471910_img-300x200.jpg","resumo":"O atacante, de 36 anos, pode parar no futebol da Turquia"}}