{"1867002":{"titulo":"S\u00e9rie C: Floresta-CE anuncia Kieza, ex-N\u00e1utico, Vit\u00f3ria e Bahia","link":"https:\/\/www.futebolinterior.com.br\/floresta-anuncia-kieza-serie-c\/","chapeu":"CHEGOU","data":"06\/07\/2023","imagem":"https:\/\/images.futebolinterior.com.br\/2022\/12\/kieza-nautico-300x200.jpg","resumo":"Conhecido principalmente pela passagem no N\u00e1utico, o Floresta-CE anunciou Kieza at\u00e9 o final da competi\u00e7\u00e3o"},"1866968":{"titulo":"S\u00e9rie C: Altos-PI anuncia lateral do Campinense-PB, ex-Gr\u00eamio e Ponte Preta","link":"https:\/\/www.futebolinterior.com.br\/altos-anuncia-lateral-esquerdo\/","chapeu":"CHEGADAS","data":"06\/07\/2023","imagem":"https:\/\/images.futebolinterior.com.br\/2023\/07\/imagem_2023-07-06_171754274-283x300.png","resumo":"O Altos-PI \u00e9 o lanterna da S\u00e9rie C ap\u00f3s 11 rodadas disputadas na primeira fase, e vive uma fase delicada na competi\u00e7\u00e3o"},"1866862":{"titulo":"S\u00e9rie C: N\u00e1utico oficializa sa\u00edda de R\u00e9gis Tosatti","link":"https:\/\/www.futebolinterior.com.br\/nautico-oficializa-saida-regis-tosatti\/","chapeu":"T\u00c1 FORA","data":"06\/07\/2023","imagem":"https:\/\/images.futebolinterior.com.br\/2023\/07\/regis-tosatti-nautico-300x209.jpg","resumo":"N\u00e1utico descarta atacante para sequ\u00eancia da Terceirona e anuncia segunda rescis\u00e3o envolvendo jogador contratado para esta temporada"},"1866932":{"titulo":"S\u00e9rie C: Zagueiro do Paysandu fala sobre moral do elenco: 'Confian\u00e7a n\u00e3o est\u00e1 em alta'","link":"https:\/\/www.futebolinterior.com.br\/zagueiro-paysandu-sobre-confianca\/","chapeu":"PAP\u00c3O","data":"06\/07\/2023","imagem":"https:\/\/images.futebolinterior.com.br\/2023\/07\/imagem_2023-07-06_164813189-300x203.png","resumo":"O Paysandu tem apenas um ponto a mais que o primeiro time dentro da zona de rebaixamento"},"1866779":{"titulo":"S\u00e9rie C: CSA anuncia Ray Vanegas, ex-Sport","link":"https:\/\/www.futebolinterior.com.br\/serie-c-csa-anuncia-ray-vanegas-sport\/","chapeu":"REFOR\u00c7O","data":"06\/07\/2023","imagem":"https:\/\/images.futebolinterior.com.br\/2023\/07\/ray-vanegas-csa-e1688670443377-300x203.jpg","resumo":"CSA realiza desejo do in\u00edcio de temporada e firma acerto com colombiano, que estava no Universidad C\u00e9sar Vallejo ap\u00f3s sair do Le\u00e3o"},"1866865":{"titulo":"S\u00e9rie C: Volante do Amazonas fala em manter lideran\u00e7a e projeta duelo com o Paysandu","link":"https:\/\/www.futebolinterior.com.br\/volante-amazonas-lideranca-papao\/","chapeu":"L\u00cdDER","data":"06\/07\/2023","imagem":"https:\/\/images.futebolinterior.com.br\/2023\/07\/imagem_2023-07-06_160639809-300x207.png","resumo":"O Amazonas segue cinco pontos a frente do segundo colocado, e em casa buscar\u00e1 ampliar a vantagem no duelo com o Pap\u00e3o"},"1866781":{"titulo":"S\u00e9rie C: Ap\u00f3s 5 jogos, atacante Fernandinho deixa Amazonas-AM","link":"https:\/\/www.futebolinterior.com.br\/serie-c-fernandinho-deixa-amazonas\/","chapeu":"SAIU!","data":"06\/07\/2023","imagem":"https:\/\/images.futebolinterior.com.br\/2023\/07\/fernandinho-amazonas-300x191.png","resumo":"O Amazonas perdeu mais uma pe\u00e7a para a sequencia da S\u00e9rie C. O clube acertou a sa\u00edda do atacante Fernandinho"},"1866737":{"titulo":"S\u00e9rie C: Paulo Baier tem desfalques para tentar fazer com que Figueirense volte a vencer","link":"https:\/\/www.futebolinterior.com.br\/serie-c-paulo-baier-tem-desfalques-para-tentar-fazer-com-que-figueirense-volte-a-vencer\/","chapeu":"PUTZ","data":"06\/07\/2023","imagem":"https:\/\/images.futebolinterior.com.br\/2023\/07\/Figueirense-Serie-C-300x200.jpg","resumo":"Ele se junta ao lateral Wellisson, que sofreu uma pancada no treino da \u00faltima quinta-feira e acabou lesionando o joelho, e ao volante L\u00e9o Baiano com les\u00e3o muscular"},"1866696":{"titulo":"S\u00e9rie C: Remo-PA anuncia lateral Evandro Lima, ex-\u00c1guia-PA","link":"https:\/\/www.futebolinterior.com.br\/serie-c-remo-evandro-lima-aguia-pa\/","chapeu":"REFOR\u00c7O!","data":"06\/07\/2023","imagem":"https:\/\/images.futebolinterior.com.br\/2023\/07\/evandro-lima-remo-300x212.png","resumo":"O Remo-PA acertou a contrata\u00e7\u00e3o do lateral-esquerdo Evandro Lima para a sequ\u00eancia da S\u00e9rie C do Campeonato Brasileiro"},"1866269":{"titulo":"S\u00e9rie C: Apresentado no CSA, Rhayner projeta estreia","link":"https:\/\/www.futebolinterior.com.br\/apresentado-csa-rhayner-projeta-estreia\/","chapeu":"FOCADO","data":"05\/07\/2023","imagem":"https:\/\/images.futebolinterior.com.br\/2023\/07\/rhayner-apresentado-csa-300x200.jpg","resumo":"CSA tem mais uma alternativa para setor ofensivo, buscando qualificar elenco para tentar conquistar acesso de retorno \u00e0 S\u00e9rie B"}}