{"1614681":{"titulo":"S\u00e9rie C: Meia apresentado pelo Vit\u00f3ria acredita em acesso","link":"https:\/\/www.futebolinterior.com.br\/serie-c-meia-apresentado-pelo-vitoria-acredita-em-acesso\/","chapeu":"ESPERAN\u00c7OSO","data":"26\/05\/2022","imagem":"https:\/\/images.futebolinterior.com.br\/2022\/05\/foguinho-vitoria-300x162.jpg","resumo":""},"1614575":{"titulo":"S\u00e9rie C: Ap\u00f3s vit\u00f3ria, meia do Ypiranga-RS fala sobre melhora do time","link":"https:\/\/www.futebolinterior.com.br\/serie-c-apos-vitoria-meia-do-ypiranga-rs-fala-sobre-melhora-do-time\/","chapeu":"EVOLUIU","data":"26\/05\/2022","imagem":"https:\/\/images.futebolinterior.com.br\/2022\/05\/cesinha-ypiranga-300x150.jpg","resumo":""},"1614540":{"titulo":"S\u00e9rie C: Altos-PI dispensa meia e contrata centroavante","link":"https:\/\/www.futebolinterior.com.br\/serie-c-altos-pi-dispensa-meia-e-contrata-centroavante\/","chapeu":"NOVIDADES","data":"26\/05\/2022","imagem":"https:\/\/images.futebolinterior.com.br\/2022\/05\/paulo-rangel-altos-1-300x157.jpg","resumo":""},"1614516":{"titulo":"S\u00e9rie C: S\u00e3o Jos\u00e9-RS recebe 'n\u00e3o' do Gr\u00eamio","link":"https:\/\/www.futebolinterior.com.br\/serie-c-sao-jose-rs-recebe-nao-do-gremio\/","chapeu":"VETADO","data":"26\/05\/2022","imagem":"https:\/\/images.futebolinterior.com.br\/2022\/05\/kevin-quejada-gremio-300x164.jpg","resumo":""},"1614497":{"titulo":"S\u00e9rie C: Remo tenta contratar meia at\u00e9 sexta-feira","link":"https:\/\/www.futebolinterior.com.br\/serie-c-remo-tenta-contratar-meia-ate-sexta-feira\/","chapeu":"PRESSA","data":"26\/05\/2022","imagem":"https:\/\/images.futebolinterior.com.br\/2022\/04\/Anderson-Paraiba-e1649440873396-300x222.jpg","resumo":""},"1614506":{"titulo":"Ex-Flamengo, meia de time da S\u00e9rie C continua preso","link":"https:\/\/www.futebolinterior.com.br\/ex-flamengo-meia-de-time-da-serie-c-continua-preso\/","chapeu":"VIXI","data":"26\/05\/2022","imagem":"https:\/\/images.futebolinterior.com.br\/2022\/05\/erick-flores-meia-remo1-300x185.jpg","resumo":"Erick Flores foi detido na \u00faltima segunda-feira, em Erechim (RS), por n\u00e3o pagar a pens\u00e3o aliment\u00edcia"},"1614476":{"titulo":"S\u00e9rie C: Trio se recupera e Figueirense praticamente esvazia DM","link":"https:\/\/www.futebolinterior.com.br\/serie-c-trio-se-recupera-e-figueirense-praticamente-esvazia-dm\/","chapeu":"VOLTANDO","data":"26\/05\/2022","imagem":"https:\/\/images.futebolinterior.com.br\/2022\/05\/nandinho-300x191.jpg","resumo":""},"1614471":{"titulo":"S\u00e9rie C: Meia do Paysandu celebra estreia com vit\u00f3ria","link":"https:\/\/www.futebolinterior.com.br\/serie-c-meia-do-paysandu-celebra-estreia-com-vitoria\/","chapeu":"EMPOLGADO","data":"26\/05\/2022","imagem":"https:\/\/images.futebolinterior.com.br\/2022\/05\/gabriel-davis-paysandu-1-300x164.jpg","resumo":""},"1614452":{"titulo":"S\u00e9rie C: T\u00e9cnico do Botafogo-PB diz entender insatisfa\u00e7\u00e3o da torcida","link":"https:\/\/www.futebolinterior.com.br\/serie-c-tecnico-do-botafogo-pb-diz-entender-insatisfacao-da-torcida\/","chapeu":"ENTENDEU","data":"26\/05\/2022","imagem":"https:\/\/images.futebolinterior.com.br\/2022\/05\/gustavo-gusmao-botafogo-pb-300x145.jpg","resumo":""},"1614381":{"titulo":"Manaus negocia com tr\u00eas atacantes para sequ\u00eancia da S\u00e9rie C","link":"https:\/\/www.futebolinterior.com.br\/manaus-negocia-com-tres-atacantes-para-sequencia-da-serie-c\/","chapeu":"MERCADO","data":"26\/05\/2022","imagem":"https:\/\/images.futebolinterior.com.br\/2022\/05\/renan-mobarack-dirigente-manaus-300x174.jpg","resumo":"Diretoria do Manaus foi ao mercado depois da grave les\u00e3o sofrida por H\u00e9lio Para\u00edba, que n\u00e3o deve mais jogar em 2022"}}