{"1454974":{"titulo":"S\u00e9rie C: Focado em seguir na briga pela ponta, Crici\u00fama ter\u00e1 um retorno e um desfalque para encarar Oeste","link":"https:\/\/www.futebolinterior.com.br\/serie-c-focado-em-seguir-na-briga-pela-ponta-criciuma-tera-um-retorno-e-um-desfalque-para-encarar-oeste\/","chapeu":"PUTZ","data":"20\/08\/2021","imagem":"https:\/\/images.futebolinterior.com.br\/2021\/08\/E9Lrew5XMAoczc4-300x200.jpg","resumo":""},"1454906":{"titulo":"S\u00e9rie C: S\u00e3o Jos\u00e9-RS ter\u00e1 retorno de Pingo e de atacante para se afastar ainda mais de degola","link":"https:\/\/www.futebolinterior.com.br\/serie-c-sao-jose-rs-tera-retorno-de-pingo-e-de-atacante-para-se-afastar-ainda-mais-de-degola\/","chapeu":"COM TUDO","data":"20\/08\/2021","imagem":"https:\/\/images.futebolinterior.com.br\/2021\/08\/239621161_1688414211357466_5362261130853629752_n-300x160.jpg","resumo":""},"1454869":{"titulo":"S\u00e9rie C: Mirassol-SP faz jogo de 'vida ou morte' e t\u00e9cnico projeta: '\u00c9 uma decis\u00e3o'","link":"https:\/\/www.futebolinterior.com.br\/serie-c-mirassol-sp-faz-jogo-de-vida-ou-morte-e-tecnico-projeta-e-uma-decisao\/","chapeu":"VAI QUE VAI","data":"20\/08\/2021","imagem":"https:\/\/images.futebolinterior.com.br\/2021\/08\/233342385_4622224757811454_6264182665314178310_n-e1629472435847-300x160.jpg","resumo":""},"1454846":{"titulo":"S\u00e9rie C: 'N\u00e3o temos duas op\u00e7\u00f5es, precisamos vencer', afirma diretor do Oeste antes de encarar Crici\u00fama","link":"https:\/\/www.futebolinterior.com.br\/serie-c-nao-temos-duas-opcoes-precisamos-vencer-afirma-diretor-do-oeste-antes-de-encarar-criciuma\/","chapeu":"VENCER OU VENCER","data":"20\/08\/2021","imagem":"https:\/\/images.futebolinterior.com.br\/2021\/08\/E9GlB5uWEAk4EHO-300x300.jpg","resumo":""},"1454833":{"titulo":"S\u00e9rie C: Figueirense ter\u00e1 for\u00e7a m\u00e1xima em duelo direto e goleiro mostra confian\u00e7a em 1\u00aa vit\u00f3ria fora de casa","link":"https:\/\/www.futebolinterior.com.br\/serie-c-figueirense-tera-forca-maxima-em-duelo-direto-e-goleiro-mostra-confianca-em-1a-vitoria-fora-de-casa\/","chapeu":"COM TUDO","data":"20\/08\/2021","imagem":"https:\/\/images.futebolinterior.com.br\/2021\/08\/51301406724_c2b22c15de_o-1024x683-1-300x200.jpg","resumo":""},"1454719":{"titulo":"Botafogo-PB x Floresta-CE - Em duelo dos opostos, Belo tenta manter lideran\u00e7a isolada da S\u00e9rie C","link":"https:\/\/www.futebolinterior.com.br\/botafogo-pb-x-floresta-ce-em-duelo-dos-opostos-belo-tenta-manter-lideranca-isolada-da-serie-c\/","chapeu":"PROMETE","data":"19\/08\/2021","imagem":"https:\/\/images.futebolinterior.com.br\/2021\/08\/Screenshot-2021-08-20-at-06-05-05-Floresta-0-x-0-Botafogo-PB-Campeonato-Brasileiro-Serie-C-rodada-4-Tempo-Real-Globo-...-300x169.png","resumo":""},"1454600":{"titulo":"S\u00e9rie C: Elenco do Novorizontino-SP tem as chaves para buscar mais um grande resultado","link":"https:\/\/www.futebolinterior.com.br\/serie-c-elenco-do-novorizontino-sp-tem-as-chaves-para-buscar-mais-um-grande-resultado\/","chapeu":"TUDO PREPARADO","data":"19\/08\/2021","imagem":"https:\/\/images.futebolinterior.com.br\/2021\/08\/Novorizontino-2-300x225.jpg","resumo":"Disciplina, empenho e foco s\u00e3o os mantras do Tigre"},"1454563":{"titulo":"S\u00e9rie C: Ainda sem condi\u00e7\u00f5es de jogo, lateral \u00e9 reintegrado aos treinos do Manaus-AM: 'Passa um filme na cabe\u00e7a'","link":"https:\/\/www.futebolinterior.com.br\/serie-c-ainda-sem-condicoes-de-jogo-lateral-e-reintegrado-aos-treinos-do-manaus-am-passa-um-filme-na-cabeca\/","chapeu":"CELEBRA AT\u00c9 TREINO","data":"19\/08\/2021","imagem":"https:\/\/images.futebolinterior.com.br\/2021\/08\/Manaus-6-300x217.jpg","resumo":"Tiago Costa ficou 5 meses em trabalho de fisioterapia"},"1454561":{"titulo":"Jogadores de clube da S\u00e9rie C n\u00e3o treinam em protesto por falta de sal\u00e1rios","link":"https:\/\/www.futebolinterior.com.br\/jogadores-de-clube-da-serie-c-nao-treinam-em-protesto-por-falta-de-salarios\/","chapeu":"GREVE?","data":"19\/08\/2021","imagem":"https:\/\/images.futebolinterior.com.br\/2021\/08\/parana-2-300x197.jpg","resumo":"Atletas se reuniram com dirigentes do Paran\u00e1 e tamb\u00e9m com os respons\u00e1veis pelo FDA Sports, que terceirizou o departamento de futebol"},"1454543":{"titulo":"S\u00e9rie C: Trope\u00e7o do Ituano-SP j\u00e1 ficou para tr\u00e1s: 'Faz parte da sequ\u00eancia'","link":"https:\/\/www.futebolinterior.com.br\/serie-c-tropeco-do-ituano-sp-ja-ficou-para-tras-faz-parte-da-sequencia\/","chapeu":"J\u00c1 \u00c9 PASSADO","data":"19\/08\/2021","imagem":"https:\/\/images.futebolinterior.com.br\/2021\/08\/Ituano-2-e1629411824520-300x197.jpg","resumo":"Treinador ressalta que o Galo est\u00e1 focado na pr\u00f3xima rodada"}}