{"1462394":{"titulo":"S\u00e9rie C: Paysandu acerta retorno de zagueiro que estava emprestado em time paulista","link":"https:\/\/www.futebolinterior.com.br\/serie-c-paysandu-acerta-retorno-de-zagueiro-que-estava-emprestado-em-time-paulista\/","chapeu":"VOLTANDO","data":"30\/08\/2021","imagem":"https:\/\/images.futebolinterior.com.br\/2021\/08\/Screenshot-2021-08-30-at-20-50-47-Sem-atuar-por-clube-paulista-zagueiro-retorna-para-o-Paysandu-300x204.png","resumo":""},"1462370":{"titulo":"S\u00e9rie D: Retr\u00f4-PE acerta com atacante dispensado por time da S\u00e9rie C","link":"https:\/\/www.futebolinterior.com.br\/serie-d-retro-pe-acerta-com-atacante-dispensado-por-time-da-serie-c\/","chapeu":"NOVIDADE","data":"30\/08\/2021","imagem":"https:\/\/images.futebolinterior.com.br\/2021\/08\/Branquinho-Ituano-SerieC-Retro-2021-300x200.jpeg","resumo":""},"1462342":{"titulo":"S\u00e9rie C: Atacante encerra jejum pelo Novorizontino-SP e, novamente, \u00e9 respons\u00e1vel pelos tr\u00eas pontos","link":"https:\/\/www.futebolinterior.com.br\/serie-c-atacante-encerra-jejum-pelo-novorizontino-sp-e-novamente-e-responsavel-pelos-tres-pontos\/","chapeu":"ARTILHEIRO VOLTOU","data":"30\/08\/2021","imagem":"https:\/\/images.futebolinterior.com.br\/2021\/08\/Novorizontino-7-300x200.jpg","resumo":"Michel Douglas n\u00e3o marcava h\u00e1 quatro rodadas"},"1462257":{"titulo":"S\u00e9rie C: Evaristo Piza perde invencibilidade e Manaus-AM j\u00e1 prepara recupera\u00e7\u00e3o","link":"https:\/\/www.futebolinterior.com.br\/serie-c-evaristo-piza-perde-invencibilidade-e-manaus-am-ja-prepara-recuperacao\/","chapeu":"PERDEU? TUDO BEM","data":"30\/08\/2021","imagem":"https:\/\/images.futebolinterior.com.br\/2021\/08\/Manaus-3-300x200.jpeg","resumo":"Atacante Rafhael Lucas comentou sobre a sequ\u00eancia do Gavi\u00e3o"},"1462225":{"titulo":"S\u00e9rie C: Treinador do Crici\u00fama-SC cobra postura diferente fora de casa: 'A gente fica t\u00edmido'","link":"https:\/\/www.futebolinterior.com.br\/serie-c-treinador-do-criciuma-sc-cobra-postura-diferente-fora-de-casa-a-gente-fica-timido\/","chapeu":"TIMIDEZ \u00c9 COMPLICADO","data":"30\/08\/2021","imagem":"https:\/\/images.futebolinterior.com.br\/2021\/08\/Criciuma-4-300x200.jpg","resumo":"Tigre s\u00f3 tem uma vit\u00f3ria longe do Dr.Heriberto Hulse"},"1462165":{"titulo":"S\u00e9rie C: Atacante v\u00ea melhora e bate no peito por reviravolta do Altos-PI","link":"https:\/\/www.futebolinterior.com.br\/serie-c-atacante-ve-melhora-e-bate-no-peito-por-reencontro-das-vitorias-do-altos-pi\/","chapeu":"'JOGA EM MIM'","data":"30\/08\/2021","imagem":"https:\/\/images.futebolinterior.com.br\/2021\/08\/Altos-1-300x200.jpeg","resumo":"Betinho \u00e9 o vice-artilheiro do time com quatro gols"},"1462128":{"titulo":"S\u00e9rie C: Paysandu-PA continua com s\u00e9rios problemas na cria\u00e7\u00e3o","link":"https:\/\/www.futebolinterior.com.br\/serie-c-paysandu-pa-continua-com-serios-problemas-na-criacao\/","chapeu":"CADE O CAMISA 10?","data":"30\/08\/2021","imagem":"https:\/\/images.futebolinterior.com.br\/2021\/08\/Paysandu-7-300x209.jpg","resumo":"Pap\u00e3o finalizou apenas duas vezes contra o Floresta-CE"},"1462108":{"titulo":"Treinador assume que Paran\u00e1 est\u00e1 \"com um p\u00e9\" na S\u00e9rie D","link":"https:\/\/www.futebolinterior.com.br\/treinador-assume-que-parana-esta-com-um-pe-na-serie-d\/","chapeu":"REALISTA","data":"30\/08\/2021","imagem":"https:\/\/images.futebolinterior.com.br\/2021\/08\/parana012-300x102.jpg","resumo":""},"1462085":{"titulo":"S\u00e9rie C: L\u00e9o Cond\u00e9 enaltece grande partida em 'momento importante' do Novorizontino-SP","link":"https:\/\/www.futebolinterior.com.br\/serie-c-leo-conde-enaltece-grande-partida-em-momento-importante-do-novorizontino-sp\/","chapeu":"CLUTCH","data":"30\/08\/2021","imagem":"https:\/\/images.futebolinterior.com.br\/2021\/08\/Novorizontino-6-300x169.jpg","resumo":"Tigre bateu o Crici\u00fama por 1 a 0 e assumiu a segunda coloca\u00e7\u00e3o do Grupo"},"1462078":{"titulo":"S\u00e9rie C: T\u00e9cnico do Botafogo-SP blinda elenco e assume responsabilidade por trope\u00e7o","link":"https:\/\/www.futebolinterior.com.br\/serie-c-tecnico-do-botafogo-sp-blinda-elenco-e-assume-responsabilidade-por-tropeco\/","chapeu":"POIS \u00c9","data":"30\/08\/2021","imagem":"https:\/\/images.futebolinterior.com.br\/2021\/08\/botafogo0115-300x230.jpg","resumo":""}}