{"1851480":{"titulo":"Internacional renova contrato com o jovem atacante Lucca at\u00e9 2025: 'Muito feliz'","link":"https:\/\/www.futebolinterior.com.br\/internacional-renova-com-jovem-lucca\/","chapeu":"2 ANOS ","data":"10\/06\/2023","imagem":"https:\/\/images.futebolinterior.com.br\/2023\/06\/52941745431-29576e32e5-k-300x200.webp","resumo":"O atacante tinha contrato at\u00e9 o meio do ano que vem e j\u00e1 vinha sofrendo ass\u00e9dio de outros clubes. Al\u00e9m de ampliar no v\u00ednculo por mais 18 meses, o Inter ainda deu um aumento ao jogador"},"1851402":{"titulo":"Santos aposta em bom retrospecto contra o Coritiba para desencantar e 'salvar' Odair Hellmann","link":"https:\/\/www.futebolinterior.com.br\/santos-pode-cair-odair-hellmann\/","chapeu":"VAI CAIR?","data":"10\/06\/2023","imagem":"https:\/\/images.futebolinterior.com.br\/2023\/02\/1578233363-63eec421e905c-300x200.webp","resumo":"Jogando fora de casa, o Santos vai at\u00e9 Curitiba enfrentar o Coritiba no est\u00e1dio Couto Pereira e precisa vencer"},"1851351":{"titulo":"S\u00e3o Paulo x Palmeiras: Um cl\u00e1ssico para balan\u00e7ar o Morumbi","link":"https:\/\/www.futebolinterior.com.br\/sao-paulo-x-palmeiras-um-classico-para-balancar-o-morumbi\/","chapeu":"OPINI\u00c3O","data":"09\/06\/2023","imagem":"https:\/\/images.futebolinterior.com.br\/2023\/06\/imagem_2023-06-08_222904069-e1686364171319-300x214.png","resumo":"O S\u00e3o Paulo pode sim faturar os tr\u00eas pontos, porque, al\u00e9m de jogar em casa, ter\u00e1 todo o p\u00fablico presente ao est\u00e1dio empurrando seu time."},"1851305":{"titulo":"Dudu destaca marca pessoal, mas quer comemorar mais t\u00edtulos com o Palmeiras","link":"https:\/\/www.futebolinterior.com.br\/dudu-destaca-marca-pessoal-mas-quer-comemorar-mais-titulos-com-o-palmeiras\/","chapeu":"QUER MAIS","data":"09\/06\/2023","imagem":"https:\/\/images.futebolinterior.com.br\/2022\/11\/dudu-atinge-400-jogos-pelo-palmeiras-300x158.png","resumo":"Na atual temporada, o clube alviverde j\u00e1 venceu o Paulist\u00e3o e a Supercopa do Brasil."},"1851304":{"titulo":"Com um toque de \"m\u00e1gica\", Am\u00e9rica-MG revela nova camisa para 2023. VEJA O V\u00cdDEO!","link":"https:\/\/www.futebolinterior.com.br\/com-um-toque-de-magica-america-mg-revela-nova-camisa-para-2023-veja-o-video\/","chapeu":"OLHA S\u00d3","data":"09\/06\/2023","imagem":"https:\/\/images.futebolinterior.com.br\/2023\/06\/america-mg-uniforme-300x182.jpg","resumo":"Quando em contato com a \u00e1gua, escudos do clube s\u00e3o revelados na camisa. "},"1851270":{"titulo":"Luxa preserva trio e Corinthians n\u00e3o ter\u00e1 os reservas Giuliano, Ramos e Romero","link":"https:\/\/www.futebolinterior.com.br\/luxa-preserva-trio-e-corinthians-nao-tera-os-reservas-giuliano-ramos-e-romero\/","chapeu":"POUPAR RESERVAS?","data":"09\/06\/2023","imagem":"https:\/\/images.futebolinterior.com.br\/2023\/05\/luxa-timao-300x175.jpg","resumo":"Detalhe: o trio \u00e9 reserva do Corinthians "},"1851268":{"titulo":"Juninho, do Am\u00e9rica-MG, fala sobre elenco fechado e 'n\u00e3o deixar a desejar'","link":"https:\/\/www.futebolinterior.com.br\/america-mg-juninho-melhora\/","chapeu":"COELHO","data":"09\/06\/2023","imagem":"https:\/\/images.futebolinterior.com.br\/2023\/06\/imagem_2023-06-09_210937632-300x168.png","resumo":"O Am\u00e9rica-MG encara o Athletico-PR neste domingo (11) no Mineir\u00e3o, em Belo Horizonte, \u00e0s 11h, pela d\u00e9cima rodada da S\u00e9rie A"},"1851249":{"titulo":"Bahia x Cruzeiro - Ap\u00f3s acesso juntos, dupla busca encerrar jejum na temporada","link":"https:\/\/www.futebolinterior.com.br\/bahia-x-cruzeiro-apos-acesso-juntos-dupla-busca-encerrar-jejum-na-temporada\/","chapeu":"JEJUM","data":"09\/06\/2023","imagem":"https:\/\/images.futebolinterior.com.br\/2023\/06\/cruzeiro-x-bahia-300x136.jpg","resumo":"O Cruzeiro n\u00e3o vence h\u00e1 cinco jogos, enquanto o Bahia tem jejum de sete partidas"},"1851235":{"titulo":"Arana fala sobre reencontro com Red Bull Bragantino ap\u00f3s les\u00e3o: 'Sem ressentimento'","link":"https:\/\/www.futebolinterior.com.br\/arana-de-volta-contra-bragantino\/","chapeu":"DE VOLTA","data":"09\/06\/2023","imagem":"https:\/\/images.futebolinterior.com.br\/2023\/05\/galo-x-inter-300x168.jpg","resumo":"Guilherme Arana voltou a campo depois de oito meses no confronto com o Alianza Lima, pela Libertadores"},"1851237":{"titulo":"Botafogo x Fortaleza - Fog\u00e3o quer manter gordura na lideran\u00e7a","link":"https:\/\/www.futebolinterior.com.br\/botafogo-x-fortaleza-fogao-quer-manter-gordura-na-lideranca\/","chapeu":"SEGUIR NO TOPO","data":"09\/06\/2023","imagem":"https:\/\/images.futebolinterior.com.br\/2023\/06\/bota-x-leao-300x167.jpg","resumo":"O Fortaleza n\u00e3o costuma a ter bom rendimento como visitante "}}