{"1509249":{"titulo":"Santos ser\u00e1 julgado por arremessos de objetos e pode perder at\u00e9 10 mandos de campo","link":"https:\/\/www.futebolinterior.com.br\/santos-sera-julgado-por-arremessos-de-objetos-e-pode-perder-ate-10-mandos-de-campo\/","chapeu":"QUE BELEZA","data":"16\/11\/2021","imagem":"https:\/\/images.futebolinterior.com.br\/2021\/11\/Screenshot_15-3-300x206.jpg","resumo":""},"1509233":{"titulo":"Flamengo x Corinthians - Meng\u00e3o quer continuar sonhando com t\u00edtulo e Tim\u00e3o mira o G4","link":"https:\/\/www.futebolinterior.com.br\/flamengo-x-corinthians-mengao-quer-continuar-sonhando-com-titulo-e-timao-mira-o-g4\/","chapeu":"CL\u00c1SSICO","data":"16\/11\/2021","imagem":"https:\/\/images.futebolinterior.com.br\/2021\/11\/flaxcor-300x159.png","resumo":"Ambos os times devem contar o retorno de veteranos; Diego e Willian poder\u00e3o ser relacionados "},"1509215":{"titulo":"BRASILEIR\u00c3O: Tr\u00eas cl\u00e1ssicos agitam a quarta-feira","link":"https:\/\/www.futebolinterior.com.br\/brasileirao-tres-classicos-agitam-a-quarta-feira\/","chapeu":"S\u00d3 JOG\u00c3O","data":"16\/11\/2021","imagem":"https:\/\/images.futebolinterior.com.br\/2021\/11\/fta20210520244-1024x682-1-300x200.webp","resumo":"Santos tamb\u00e9m entra em campo para se afastar de vez do Z4"},"1509238":{"titulo":"Sport chega a acordo e pagar\u00e1 R$ 400 mil para rescindir com atacante","link":"https:\/\/www.futebolinterior.com.br\/sport-chega-a-acordo-e-pagara-r-400-mil-para-rescindir-com-atacante\/","chapeu":"ENFIM","data":"16\/11\/2021","imagem":"https:\/\/images.futebolinterior.com.br\/2021\/11\/Screenshot_14-3-300x168.jpg","resumo":""},"1509225":{"titulo":"Com poss\u00edvel retorno de Willian, Tim\u00e3o tenta entra no G4 contra o Flamengo","link":"https:\/\/www.futebolinterior.com.br\/com-possivel-retorno-de-willian-timao-tenta-entra-no-g4-contra-o-flamengo\/","chapeu":"VAI EMBALAR?","data":"16\/11\/2021","imagem":"https:\/\/images.futebolinterior.com.br\/2021\/11\/willian-300x211.png","resumo":"O atacante est\u00e1 na parte final de transi\u00e7\u00e3o f\u00edsica e provavelmente ser\u00e1 relacionado"},"1509206":{"titulo":"Com retornos de Diego e embalado ap\u00f3s goleada, Flamengo encara o Corinthians","link":"https:\/\/www.futebolinterior.com.br\/com-retornos-de-diego-e-embalado-apos-goleada-flamengo-encara-o-corinthians\/","chapeu":"SEM FREIO?","data":"16\/11\/2021","imagem":"https:\/\/images.futebolinterior.com.br\/2021\/11\/Micahel-300x210.png","resumo":"partida ser\u00e1 realizada no Maracan\u00e3, \u00e0s 21h30, "},"1509216":{"titulo":"Com desfalques, Jorginho monta Cuiab\u00e1 para encarar o Inter: 'Vamos jogar nossas vidas'","link":"https:\/\/www.futebolinterior.com.br\/com-desfalques-jorginho-monta-cuiaba-para-encarar-o-inter-vamos-jogar-nossas-vidas\/","chapeu":"RETA FINAL","data":"16\/11\/2021","imagem":"https:\/\/images.futebolinterior.com.br\/2021\/11\/Screenshot_13-3-300x199.jpg","resumo":""},"1509207":{"titulo":"Am\u00e9rica-MG x Atl\u00e9tico-GO - Coelho sonha com a Libertadores e Drag\u00e3o quer escapar da degola!","link":"https:\/\/www.futebolinterior.com.br\/america-mg-x-atletico-go-coelho-sonha-com-a-libertadores-e-dragao-quer-escapar-da-degola\/","chapeu":"OPOSTOS!","data":"16\/11\/2021","imagem":"https:\/\/images.futebolinterior.com.br\/2021\/11\/Torcida_Divulgacao_02_ori-e1637090174110-300x137.jpg","resumo":"Am\u00e9rica pode ficar a dois pontos do G6"},"1509181":{"titulo":"Oito Cr\u00e9dito Imobili\u00e1rio \u00e9 a nova patrocinadora do Red Bull Bragantino","link":"https:\/\/www.futebolinterior.com.br\/oito-credito-imobiliario-e-a-nova-patrocinadora-do-red-bull-bragantino\/","chapeu":"PARCERIA","data":"16\/11\/2021","imagem":"https:\/\/images.futebolinterior.com.br\/2021\/11\/unnamed-2-300x120.jpg","resumo":""},"1509174":{"titulo":"Am\u00e9rica-MG aposta na invencibilidade em casa para grudar de vez na zona da Libertadores","link":"https:\/\/www.futebolinterior.com.br\/america-mg-aposta-na-invencibilidade-em-casa-para-grudar-de-vez-na-zona-da-libertadores\/","chapeu":"TRUNFO!","data":"16\/11\/2021","imagem":"https:\/\/images.futebolinterior.com.br\/2021\/11\/america-mg-2-300x200.jpg","resumo":"Coelho n\u00e3o perde em casa h\u00e1 quase tr\u00eas meses"}}