{"898869":{"titulo":"Abel destaca atua\u00e7\u00e3o de Wesley, mas espera evolu\u00e7\u00e3o do atacante no Palmeiras","link":"https:\/\/www.futebolinterior.com.br\/abel-destaca-atuacao-de-wesley-mas-espera-evolucao-do-atacante-no-palmeiras\/","chapeu":"COM MORAL","data":"06\/06\/2021","imagem":0,"resumo":"Treinador destacou tamb\u00e9m os problemas f\u00edsicos do jovem atleta, mas destacou a paci\u00eancia com so jogadores mais jovens"},"898874":{"titulo":"Sylvinho avalia que defesa foi fundamental na primeira vit\u00f3ria do Corinthians","link":"https:\/\/www.futebolinterior.com.br\/sylvinho-avalia-que-defesa-foi-fundamental-na-primeira-vitoria-do-corinthians\/","chapeu":"MELHOROU","data":"06\/06\/2021","imagem":0,"resumo":"Treinador destacou que a equipe precisava ser mais consistente ap\u00f3s duas \u00faltimas derrotas para o Atl\u00e9tico-GO "},"898873":{"titulo":"Jailson celebra nova vit\u00f3ria como titular e diz que deseja ficar no Palmeiras","link":"https:\/\/www.futebolinterior.com.br\/jailson-celebra-nova-vitoria-como-titular-e-diz-que-deseja-ficar-no-palmeiras\/","chapeu":"QUER FICAR!","data":"06\/06\/2021","imagem":0,"resumo":"Questionado tamb\u00e9m sobre a perman\u00eancia no clube no qual est\u00e1 h\u00e1 sete temporadas, o goleiro disse que sua vontade \u00e9 ficar por mais tempo"},"898886":{"titulo":"Ap\u00f3s desastre no Cear\u00e1, vice do Internacional garante a perman\u00eancia de Ram\u00edrez","link":"https:\/\/www.futebolinterior.com.br\/apos-desastre-no-ceara-vice-do-internacional-garante-a-permanencia-de-ramirez\/","chapeu":"MANTIDO","data":"06\/06\/2021","imagem":0,"resumo":"O Colorado foi goleado pelo Fortaleza, por 5 a 1, na tarde deste domingo, pela segunda rodada do Brasileir\u00e3o"},"898882":{"titulo":"Juventude 0 x 3 Athletico - Ap\u00f3s gols r\u00e1pidos, vit\u00f3ria f\u00e1cil e 100% mantido","link":"https:\/\/www.futebolinterior.com.br\/juventude-0-x-3-athletico-apos-gols-rapidos-vitoria-facil-e-100-mantido\/","chapeu":"JADSON CARIMBA","data":"06\/06\/2021","imagem":0,"resumo":"Ap\u00f3s dois jogos, o time paranaense se mant\u00e9m com 100% de aproveitamento, com seis pontos, igual Fortaleza e Atl\u00e9tico-GO"},"898883":{"titulo":"Palmeiras 3 x 1 Chapecoense - Alviverde faz tr\u00eas no 1T e vence a 1\u00aa no Brasileir\u00e3o","link":"https:\/\/www.futebolinterior.com.br\/palmeiras-3-x-1-chapecoense-alviverde-faz-tres-no-1t-e-vence-a-1a-no-brasileirao\/","chapeu":"BOM DEMAIS!","data":"06\/06\/2021","imagem":0,"resumo":"Os tr\u00eas gols palmeirenses foram marcados na primeira etapa por Wesley (2x) e Luiz Adriano, enquanto Busanello, descontou"},"898893":{"titulo":"Ap\u00f3s vit\u00f3ria, F\u00e1bio Santos v\u00ea Corinthians perto de entender m\u00e9todos de Sylvinho","link":"https:\/\/www.futebolinterior.com.br\/apos-vitoria-fabio-santos-ve-corinthians-perto-de-entender-metodos-de-sylvinho\/","chapeu":"EVOLU\u00c7\u00c3O","data":"06\/06\/2021","imagem":0,"resumo":"\"A gente quer montar um grupo forte para fazer um campeonato justo\", avaliou o lateral em entrevista"},"898900":{"titulo":"Fortaleza 5 x 1 Internacional - Colorado usa time misto e passa vegonha no Castel\u00e3o","link":"https:\/\/www.futebolinterior.com.br\/fortaleza-5-x-1-internacional-colorado-usa-time-misto-e-passa-vegonha-no-castelao\/","chapeu":"BICHO VAI PEGAR","data":"06\/06\/2021","imagem":0,"resumo":"Colorado jogou muito mal e acabou goleado por 5 a 1 na segunda rodada do Brasileiro. Ram\u00edrez segue pressionado"},"898909":{"titulo":"Am\u00e9rica-MG 0 x 1 Corinthians - Tim\u00e3o vence fora e alivia press\u00e3o em cima de Sylvinho","link":"https:\/\/www.futebolinterior.com.br\/america-mg-0-x-1-corinthians-timao-vence-fora-e-alivia-pressao-em-cima-de-sylvinho\/","chapeu":"UFA!","data":"06\/06\/2021","imagem":0,"resumo":"O time alvinegro fez uma boa partida defensivamente e conquistou seus primeiros tr\u00eas pontos no Brasileir\u00e3o"},"898907":{"titulo":"Conselho de \u00e9tica da CBF afasta Rog\u00e9rio Caboclo preventivamente por 30 dias","link":"https:\/\/www.futebolinterior.com.br\/conselho-de-etica-da-cbf-afasta-rogerio-caboclo-preventivamente-por-30-dias\/","chapeu":"ESTOUROU !","data":"06\/06\/2021","imagem":0,"resumo":" O dirigente \u00e9 acusado por uma funcion\u00e1ria de ass\u00e9dio moral e sexual, al\u00e9m disso n\u00e3o conta com simpatia de outros dirigentes"}}