{"898743":{"titulo":"S\u00e9rie B: Ponte Preta entra em acordo com Santos e acerta com camisa 9","link":"https:\/\/www.futebolinterior.com.br\/serie-b-ponte-preta-entra-em-acordo-com-santos-e-acerta-com-camisa-9\/","chapeu":"FECHADO!","data":"08\/06\/2021","imagem":0,"resumo":"Rodrig\u00e3o \u00e9 aguardado nesta ter\u00e7a-feira para assinar com a Macaca para a S\u00e9rie B"},"898745":{"titulo":"Flamengo revela que Rog\u00e9rio Ceni testou positivo para Covid-19","link":"https:\/\/www.futebolinterior.com.br\/flamengo-revela-que-rogerio-ceni-testou-positivo-para-covid-19\/","chapeu":"MAIS UM!","data":"08\/06\/2021","imagem":0,"resumo":"O treinador passa bem e est\u00e1 cumprindo quarentena, sob os cuidados dos m\u00e9dicos do clube"},"898752":{"titulo":"S\u00e3o Paulo confirma a contrata\u00e7\u00e3o da 'intermin\u00e1vel' Formiga at\u00e9 o fim de 2022","link":"https:\/\/www.futebolinterior.com.br\/sao-paulo-confirma-a-contratacao-da-interminavel-formiga-ate-o-fim-de-2022\/","chapeu":"AP\u00d3S 21 ANOS","data":"08\/06\/2021","imagem":0,"resumo":"Formiga deve chegar ao clube para se apresentar logo ap\u00f3s a Data Fifa, que acontece entre os dias 7 e 15 de junho,"},"898766":{"titulo":"Ap\u00f3s 1\u00aa vit\u00f3ria no Brasileir\u00e3o, Corinthians treina de olho na Copa do Brasil","link":"https:\/\/www.futebolinterior.com.br\/apos-1a-vitoria-no-brasileirao-corinthians-treina-de-olho-na-copa-do-brasil\/","chapeu":"REAPRESENTA\u00c7\u00c3O","data":"07\/06\/2021","imagem":0,"resumo":"Por isso, a reapresenta\u00e7\u00e3o ap\u00f3s uma vit\u00f3ria, geralmente mais tranquila, foi de trabalho duro e concentra\u00e7\u00e3o"},"898774":{"titulo":"Presidente afastado da FENAPAF teria falsificado documentos para ficar no cargo","link":"https:\/\/www.futebolinterior.com.br\/presidente-afastado-da-fenapaf-teria-falsificado-documentos-para-ficar-no-cargo\/","chapeu":"MAIS ENCRENCA","data":"07\/06\/2021","imagem":0,"resumo":"Junta Governativa apresenta as tentativas frustradas de Felipe Leite de comprovar legitimidade da profiss\u00e3o"},"898785":{"titulo":"Juventude acerta com ex-zagueiro de Guarani e Ferrovi\u00e1ria","link":"https:\/\/www.futebolinterior.com.br\/juventude-acerta-com-ex-zagueiro-de-guarani-e-ferroviaria\/","chapeu":"REFOR\u00c7O","data":"07\/06\/2021","imagem":0,"resumo":"Didi, de 30 anos, assinou contrato com o clube ga\u00facho at\u00e9 dezembro de 2021"},"898801":{"titulo":"Caboclo se diz inocente, nega inten\u00e7\u00e3o de demitir Tite e promete voltar \u00e0 CBF","link":"https:\/\/www.futebolinterior.com.br\/caboclo-se-diz-inocente-nega-intencao-de-demitir-tite-e-promete-voltar-a-cbf\/","chapeu":"OUTRA VERS\u00c3O","data":"07\/06\/2021","imagem":0,"resumo":"Em entrevista ao site ESPN.com, Caboclo disse que n\u00e3o houve conversas sobre um poss\u00edvel boicote dos jogadores"},"898796":{"titulo":"Presidente do Atl\u00e9tico-GO se diz feliz com elenco e n\u00e3o quer perder jogadores","link":"https:\/\/www.futebolinterior.com.br\/presidente-do-atletico-go-se-diz-feliz-com-elenco-e-nao-quer-perder-jogadores\/","chapeu":"ANIMADO","data":"07\/06\/2021","imagem":0,"resumo":"Adson Batista tamb\u00e9m deixou claro que n\u00e3o pretende abrir m\u00e3o dos seus jogadores"},"898804":{"titulo":"Com Am\u00e9rica-MG em m\u00e1 fase, Lisca planeja fazer mudan\u00e7as","link":"https:\/\/www.futebolinterior.com.br\/com-america-mg-em-ma-fase-lisca-planeja-fazer-mudancas\/","chapeu":"\u00c9 O JEITO","data":"07\/06\/2021","imagem":0,"resumo":"O Coelho n\u00e3o vence h\u00e1 cinco jogos e tamb\u00e9m n\u00e3o marcou gols neste per\u00edodo"},"898814":{"titulo":"Com trauma no quadril, volante vira mais um desfalque no Palmeiras","link":"https:\/\/www.futebolinterior.com.br\/com-trauma-no-quadril-volante-vira-mais-um-desfalque-no-palmeiras\/","chapeu":"QUE ZICA","data":"07\/06\/2021","imagem":0,"resumo":"Ao todo, o t\u00e9cnico Abel Ferreira tem 13 baixas para o jogo de volta contra o CRB, pela Copa do Brasil"}}